{"id":904,"date":"2013-05-13T10:20:40","date_gmt":"2013-05-13T09:20:40","guid":{"rendered":"http:\/\/tamtamdesbaronnies.blog.lemonde.fr\/?p=904"},"modified":"2013-05-13T10:20:40","modified_gmt":"2013-05-13T09:20:40","slug":"sederon-veut-un-medecin-la-nuit","status":"publish","type":"post","link":"https:\/\/tamtamdesbaronnies.com\/wordpress\/2013\/05\/13\/sederon-veut-un-medecin-la-nuit\/","title":{"rendered":"S\u00e9deron veut un m\u00e9decin la nuit"},"content":{"rendered":"<figure id=\"attachment_905\" aria-describedby=\"caption-attachment-905\" style=\"width: 500px\" class=\"wp-caption aligncenter\"><a href=\"http:\/\/tamtamdesbaronnies.com\/wordpress\/wp-content\/uploads\/2013\/05\/108f8-sc3a9deronmanif05.jpg\"><img loading=\"lazy\" decoding=\"async\" class=\"size-full wp-image-905\" title=\"S\u00e9deronManif05\" src=\"http:\/\/tamtamdesbaronnies.com\/wordpress\/wp-content\/uploads\/2013\/05\/108f8-sc3a9deronmanif05.jpg\" alt=\"\" width=\"500\" height=\"333\" srcset=\"https:\/\/tamtamdesbaronnies.com\/wordpress\/wp-content\/uploads\/2013\/05\/108f8-sc3a9deronmanif05.jpg 500w, https:\/\/tamtamdesbaronnies.com\/wordpress\/wp-content\/uploads\/2013\/05\/108f8-sc3a9deronmanif05-300x200.jpg 300w\" sizes=\"auto, (max-width: 500px) 85vw, 500px\" \/><\/a><figcaption id=\"caption-attachment-905\" class=\"wp-caption-text\">Le docteur Christian Beaume \u00e0 la tribune : \u00ab\u00a0Si cette manifestation n\u2019est pas suffisante, il faudra faire le si\u00e8ge de l\u2019ARS \u00e0 Lyon.\u00a0\u00bb<\/figcaption><\/figure>\n<p><strong>Plus de 300 personnes ont manifest\u00e9 dimanche 12 mai \u00e0 S\u00e9deron contre des d\u00e9cisions de l\u2019Agence R\u00e9gionale de Sant\u00e9 qui, si elles devaient s\u2019appliquer \u00e0 ce secteur rural isol\u00e9 de la Dr\u00f4me Proven\u00e7ale, auraient des cons\u00e9quences catastrophiques en mati\u00e8re de d\u00e9sertification m\u00e9dicale.<\/strong><\/p>\n<figure id=\"attachment_906\" aria-describedby=\"caption-attachment-906\" style=\"width: 500px\" class=\"wp-caption aligncenter\"><a href=\"http:\/\/tamtamdesbaronnies.com\/wordpress\/wp-content\/uploads\/2013\/05\/306df-sc3a9deronmanif03.jpg\"><img loading=\"lazy\" decoding=\"async\" class=\"size-full wp-image-906\" title=\"S\u00e9deronManif03\" src=\"http:\/\/tamtamdesbaronnies.com\/wordpress\/wp-content\/uploads\/2013\/05\/306df-sc3a9deronmanif03.jpg\" alt=\"\" width=\"500\" height=\"333\" srcset=\"https:\/\/tamtamdesbaronnies.com\/wordpress\/wp-content\/uploads\/2013\/05\/306df-sc3a9deronmanif03.jpg 500w, https:\/\/tamtamdesbaronnies.com\/wordpress\/wp-content\/uploads\/2013\/05\/306df-sc3a9deronmanif03-300x200.jpg 300w\" sizes=\"auto, (max-width: 500px) 85vw, 500px\" \/><\/a><figcaption id=\"caption-attachment-906\" class=\"wp-caption-text\">Une foule nombreuse s\u2019est mobilis\u00e9e pour soutenir le docteur Christian Beaume dans sa lutte contre la d\u00e9sertification m\u00e9dicale<\/figcaption><\/figure>\n<p style=\"text-align:justify;\">Dans la foule, des administr\u00e9s de S\u00e9deron et de toutes les communes environnantes, bien s\u00fbr. Mais aussi les diff\u00e9rents \u00e9lus du secteur venus apporter un soutien unanime : le d\u00e9put\u00e9 UMP Herv\u00e9 Mariton, les conseillers g\u00e9n\u00e9raux P.S. Paul Arnoux et Marie-Claire Cartag\u00e9na, ainsi qu\u2019une vingtaine de maires des communes environnantes, toutes tendances politiques confondues.<br \/>\nLe mouvement de protestation avait \u00e9t\u00e9 lanc\u00e9 conjointement par le maire de la commune Jean Moulet, \u00e9galement pr\u00e9sident de la communaut\u00e9 de communes des Hautes Baronnies, et le docteur Christian Beaume, maire de 1989 \u00e0 2008 et m\u00e9decin g\u00e9n\u00e9raliste, propharmacien et m\u00e9decin pompier, install\u00e9 dans ce village de 300 habitants depuis 30 ans.<\/p>\n<figure id=\"attachment_907\" aria-describedby=\"caption-attachment-907\" style=\"width: 500px\" class=\"wp-caption aligncenter\"><a href=\"http:\/\/tamtamdesbaronnies.com\/wordpress\/wp-content\/uploads\/2013\/05\/a66eb-sc3a9deronmanif01.jpg\"><img loading=\"lazy\" decoding=\"async\" class=\"size-full wp-image-907\" title=\"S\u00e9deronManif01\" src=\"http:\/\/tamtamdesbaronnies.com\/wordpress\/wp-content\/uploads\/2013\/05\/a66eb-sc3a9deronmanif01.jpg\" alt=\"\" width=\"500\" height=\"337\" srcset=\"https:\/\/tamtamdesbaronnies.com\/wordpress\/wp-content\/uploads\/2013\/05\/a66eb-sc3a9deronmanif01.jpg 500w, https:\/\/tamtamdesbaronnies.com\/wordpress\/wp-content\/uploads\/2013\/05\/a66eb-sc3a9deronmanif01-300x202.jpg 300w\" sizes=\"auto, (max-width: 500px) 85vw, 500px\" \/><\/a><figcaption id=\"caption-attachment-907\" class=\"wp-caption-text\">De nombreux \u00e9lus, toutes tendances politiques confondues, participaient \u00e0 la manifestation.<\/figcaption><\/figure>\n<p style=\"text-align:justify;\">La manifestation avait pour objectif d\u2019attirer l\u2019attention des pouvoirs publics sur les cons\u00e9quences catastrophiques en mati\u00e8re de d\u00e9sertification m\u00e9dicale dans le S\u00e9deronnais qu\u2019auront in\u00e9vitablement plusieurs d\u00e9cisions prises r\u00e9cemment par l\u2019agence R\u00e9gionale de Sant\u00e9 Rh\u00f4ne Alpes (ARS- RA).<br \/>\nIl s\u2019agit en particulier de la suppression des \u00ab\u00a0astreintes en nuit profonde\u00a0\u00bb (de 00h00 \u00e0 08h00), \u00e0 S\u00e9deron mais aussi dans 6 autres secteurs ruraux dr\u00f4mois (La Chapelle en Vercors, le Haut Diois, Saillans, Bourdeaux, La Motte Chalancon, Buis les Baronnie).<br \/>\nIl s\u2019agit \u00e9galement du classement, contre toute logique, du\u00a0secteur de S\u00e9deron en zone dite \u00ab\u00a0de vigilance\u00a0\u00bb et non dans une zone \u00ab\u00a0fragile\u00a0\u00bb. Une mesure qui, s\u2019ajoutant \u00e0 la pr\u00e9c\u00e9dente, fera perdre automatiquement, au docteur Beaume et \u00e0 son \u00e9ventuel successeur, de nombreux avantages, tant fiscaux qu\u2019en mati\u00e8re d\u2019aide financi\u00e8re.<\/p>\n<figure id=\"attachment_908\" aria-describedby=\"caption-attachment-908\" style=\"width: 500px\" class=\"wp-caption aligncenter\"><a href=\"http:\/\/tamtamdesbaronnies.com\/wordpress\/wp-content\/uploads\/2013\/05\/e2e77-sc3a9deronmanif02.jpg\"><img loading=\"lazy\" decoding=\"async\" class=\"size-full wp-image-908\" title=\"S\u00e9deronManif02\" src=\"http:\/\/tamtamdesbaronnies.com\/wordpress\/wp-content\/uploads\/2013\/05\/e2e77-sc3a9deronmanif02.jpg\" alt=\"\" width=\"500\" height=\"337\" srcset=\"https:\/\/tamtamdesbaronnies.com\/wordpress\/wp-content\/uploads\/2013\/05\/e2e77-sc3a9deronmanif02.jpg 500w, https:\/\/tamtamdesbaronnies.com\/wordpress\/wp-content\/uploads\/2013\/05\/e2e77-sc3a9deronmanif02-300x202.jpg 300w\" sizes=\"auto, (max-width: 500px) 85vw, 500px\" \/><\/a><figcaption id=\"caption-attachment-908\" class=\"wp-caption-text\">Sans m\u00e9decin sur place, pr\u00e9dit le maire Jean Moulet, le canton sera appel\u00e9 \u00e0 mourir et il y va de l\u2019avenir de tous\u2026<\/figcaption><\/figure>\n<p style=\"text-align:center;\"><strong><span style=\"font-size:x-large;\">Il faut sauver le soldat Beaume<\/span><\/strong><\/p>\n<p style=\"text-align:justify;\">\u00a0Les orateurs qui se sont succ\u00e9d\u00e9 sur le podium ont tous soulign\u00e9 l\u2019absurdit\u00e9 de ces mesures. Sous la banderole \u00ab\u00a0L\u2019ARS enterre le canton\u00a0\u00bb et devant un cercueil symbolique, le docteur Christian Beaume, qui pr\u00e9voit de prendre sa retraite dans deux ou trois ans, d\u00e9clarait : <em>\u00ab Ces mesures sont r\u00e9dhibitoires \u00e0 l\u2019installation d\u2019un nouveau m\u00e9decin \u00e0 S\u00e9deron et au maintien du m\u00e9decin existant. Comment voulez-vous qu\u2019un m\u00e9decin soit attir\u00e9 par la reprise de mon cabinet, m\u00eame \u00e0 titre gracieux, si ailleurs il peut pr\u00e9tendre \u00e0 des aides financi\u00e8res et un exercice plus facile avec moins de contrainte ? \u00bb<\/em>. Or sans m\u00e9decin sur place le canton sera appel\u00e9 \u00e0 mourir, pr\u00e9dit le maire Jean Moulet, qui s&rsquo;interroge sur son avenir: <em>\u00ab Que sera l\u2019avenir du territoire une fois le Dr. Beaume parti \u00e0 la retraite ? &#8211; Aucun m\u00e9decin ne viendra lui succ\u00e9der en sachant que, s&rsquo;il s&rsquo;installe \u00e0 Nyons ou \u00e0 Buis, il gagnera plus en travaillant moins &#8211; Nous perdrons \u00ab Les Bleuets \u00bb, les soins \u00e0 domicile, le portage des repas &#8211; Les personnes ayant besoin d&rsquo;un suivi m\u00e9dical iront vivre ailleurs &#8211; Peu \u00e0 peu nous perdrons notre population, puis les commerces et les services qui n&rsquo;auront plus l&rsquo;effectif qui les justifie sur place &#8211; Plus personne, ni aucune entreprise ne songera \u00e0 s&rsquo;installer ici. \u2026 \u00bb<\/em><\/p>\n<figure id=\"attachment_909\" aria-describedby=\"caption-attachment-909\" style=\"width: 500px\" class=\"wp-caption aligncenter\"><a href=\"http:\/\/tamtamdesbaronnies.com\/wordpress\/wp-content\/uploads\/2013\/05\/9ddbe-sc3a9deronmanif08.jpg\"><img loading=\"lazy\" decoding=\"async\" class=\"size-full wp-image-909\" title=\"S\u00e9deronManif08\" src=\"http:\/\/tamtamdesbaronnies.com\/wordpress\/wp-content\/uploads\/2013\/05\/9ddbe-sc3a9deronmanif08.jpg\" alt=\"\" width=\"500\" height=\"284\" srcset=\"https:\/\/tamtamdesbaronnies.com\/wordpress\/wp-content\/uploads\/2013\/05\/9ddbe-sc3a9deronmanif08.jpg 500w, https:\/\/tamtamdesbaronnies.com\/wordpress\/wp-content\/uploads\/2013\/05\/9ddbe-sc3a9deronmanif08-300x170.jpg 300w\" sizes=\"auto, (max-width: 500px) 85vw, 500px\" \/><\/a><figcaption id=\"caption-attachment-909\" class=\"wp-caption-text\">Herv\u00e9 Mariton : \u00ab Il suffit que l\u2019ARS reconnaisse son erreur \u2026 \u00bb<\/figcaption><\/figure>\n<p style=\"text-align:justify;\">De son c\u00f4t\u00e9, Herv\u00e9 Mariton a insist\u00e9 sur le fait que la d\u00e9cision de supprimer ces \u00ab\u00a0astreintes en nuit profonde\u00a0\u00bb vient d\u2019\u00eatre report\u00e9e de 6 mois afin de chercher des solutions acceptables par tous.<br \/>\nCette suppression devait pr\u00e9alablement entrer en application au 1<sup>er<\/sup> juin a indiqu\u00e9 Didier Guillaume, pr\u00e9sident du conseil g\u00e9n\u00e9ral de la Dr\u00f4me et vice-pr\u00e9sident du S\u00e9nat, dans une lettre lue par Paul Arnoux. M. Guillaume et le s\u00e9nateur socialiste Jean Besson ont d\u2019ailleurs rencontr\u00e9 la ministre de la Sant\u00e9, Marisol Touraine, au sujet de la probl\u00e9matique de S\u00e9deron.<br \/>\nPour le classement de S\u00e9deron en zone \u00ab\u00a0de vigilance\u00a0\u00bb, le d\u00e9put\u00e9 Mariton d\u00e9clarait que <em>\u00ab l\u2019erreur est tellement grossi\u00e8re que je ne doute pas que les responsables de l\u2019ARS auront l\u2019intelligence et l\u2019humilit\u00e9 de la reconna\u00eetre et de rectifier le tir.<\/em> \u00bb<\/p>\n<p><strong>Alain BOSMANS<br \/>\nArticle paru dans le Dauphin\u00e9 Lib\u00e9r\u00e9 (pages r\u00e9gionales) du 13 mai 2013.<br \/>\n<a href=\"http:\/\/www.ledauphine.com\/drome\/2013\/05\/12\/sederon-veut-un-medecin-la-nuit#jimage=5D950E15-208F-4AD2-8972-EC3FE2761053\">http:\/\/www.ledauphine.com\/drome\/2013\/05\/12\/sederon-veut-un-medecin-la-nuit#jimage=5D950E15-208F-4AD2-8972-EC3FE2761053<\/a><\/strong><\/p>\n<p><strong>Lire aussi le pr\u00e9c\u00e9dent article d&rsquo;Alain Bosmans sur le m\u00eame sujet paru dans le Tam-Tam du 18 janvier 2013 : <a href=\"http:\/\/tamtamdesbaronnies.blog.lemonde.fr\/2013\/01\/18\/inquietudes-sur-lavenir-des-permanences-medicales-de-nuit-en-milieu-rural-isole\/\">http:\/\/tamtamdesbaronnies.blog.lemonde.fr\/2013\/01\/18\/inquietudes-sur-lavenir-des-permanences-medicales-de-nuit-en-milieu-rural-isole\/<\/a><\/strong><\/p>\n<figure id=\"attachment_910\" aria-describedby=\"caption-attachment-910\" style=\"width: 500px\" class=\"wp-caption aligncenter\"><a href=\"http:\/\/tamtamdesbaronnies.com\/wordpress\/wp-content\/uploads\/2013\/05\/d813c-sc3a9deronmanif04.jpg\"><img loading=\"lazy\" decoding=\"async\" class=\"size-full wp-image-910\" title=\"S\u00e9deronManif04\" src=\"http:\/\/tamtamdesbaronnies.com\/wordpress\/wp-content\/uploads\/2013\/05\/d813c-sc3a9deronmanif04.jpg\" alt=\"\" width=\"500\" height=\"263\" srcset=\"https:\/\/tamtamdesbaronnies.com\/wordpress\/wp-content\/uploads\/2013\/05\/d813c-sc3a9deronmanif04.jpg 500w, https:\/\/tamtamdesbaronnies.com\/wordpress\/wp-content\/uploads\/2013\/05\/d813c-sc3a9deronmanif04-300x158.jpg 300w\" sizes=\"auto, (max-width: 500px) 85vw, 500px\" \/><\/a><figcaption id=\"caption-attachment-910\" class=\"wp-caption-text\">Une foule nombreuse s\u2019est mobilis\u00e9e pour soutenir le docteur Christian Beaume dans sa lutte contre la d\u00e9sertification m\u00e9dicale.<\/figcaption><\/figure>\n","protected":false},"excerpt":{"rendered":"<p>Plus de 300 personnes ont manifest\u00e9 dimanche 12 mai \u00e0 S\u00e9deron contre des d\u00e9cisions de l\u2019Agence R\u00e9gionale de Sant\u00e9 qui, si elles devaient s\u2019appliquer \u00e0 ce secteur rural isol\u00e9 de la Dr\u00f4me Proven\u00e7ale, auraient des cons\u00e9quences catastrophiques en mati\u00e8re de d\u00e9sertification m\u00e9dicale. Dans la foule, des administr\u00e9s de S\u00e9deron et de toutes les communes environnantes, &hellip; <a href=\"https:\/\/tamtamdesbaronnies.com\/wordpress\/2013\/05\/13\/sederon-veut-un-medecin-la-nuit\/\" class=\"more-link\">Continuer la lecture<span class=\"screen-reader-text\"> de &laquo;&nbsp;S\u00e9deron veut un m\u00e9decin la nuit&nbsp;&raquo;<\/span><\/a><\/p>\n","protected":false},"author":2,"featured_media":0,"comment_status":"open","ping_status":"closed","sticky":false,"template":"","format":"standard","meta":{"spay_email":"","footnotes":""},"categories":[6,9],"tags":[],"class_list":["post-904","post","type-post","status-publish","format-standard","hentry","category-actualite-des-baronnies","category-sante"],"jetpack_featured_media_url":"","_links":{"self":[{"href":"https:\/\/tamtamdesbaronnies.com\/wordpress\/wp-json\/wp\/v2\/posts\/904","targetHints":{"allow":["GET"]}}],"collection":[{"href":"https:\/\/tamtamdesbaronnies.com\/wordpress\/wp-json\/wp\/v2\/posts"}],"about":[{"href":"https:\/\/tamtamdesbaronnies.com\/wordpress\/wp-json\/wp\/v2\/types\/post"}],"author":[{"embeddable":true,"href":"https:\/\/tamtamdesbaronnies.com\/wordpress\/wp-json\/wp\/v2\/users\/2"}],"replies":[{"embeddable":true,"href":"https:\/\/tamtamdesbaronnies.com\/wordpress\/wp-json\/wp\/v2\/comments?post=904"}],"version-history":[{"count":0,"href":"https:\/\/tamtamdesbaronnies.com\/wordpress\/wp-json\/wp\/v2\/posts\/904\/revisions"}],"wp:attachment":[{"href":"https:\/\/tamtamdesbaronnies.com\/wordpress\/wp-json\/wp\/v2\/media?parent=904"}],"wp:term":[{"taxonomy":"category","embeddable":true,"href":"https:\/\/tamtamdesbaronnies.com\/wordpress\/wp-json\/wp\/v2\/categories?post=904"},{"taxonomy":"post_tag","embeddable":true,"href":"https:\/\/tamtamdesbaronnies.com\/wordpress\/wp-json\/wp\/v2\/tags?post=904"}],"curies":[{"name":"wp","href":"https:\/\/api.w.org\/{rel}","templated":true}]}}