{"id":825,"date":"2013-03-04T18:21:35","date_gmt":"2013-03-04T17:21:35","guid":{"rendered":"http:\/\/tamtamdesbaronnies.blog.lemonde.fr\/?p=825"},"modified":"2013-03-04T18:21:35","modified_gmt":"2013-03-04T17:21:35","slug":"la-passion-devorante-des-orchidees","status":"publish","type":"post","link":"https:\/\/tamtamdesbaronnies.com\/wordpress\/2013\/03\/04\/la-passion-devorante-des-orchidees\/","title":{"rendered":"LA PASSION DEVORANTE DES ORCHIDEES"},"content":{"rendered":"<figure id=\"attachment_826\" aria-describedby=\"caption-attachment-826\" style=\"width: 500px\" class=\"wp-caption aligncenter\"><a href=\"http:\/\/tamtamdesbaronnies.com\/wordpress\/wp-content\/uploads\/2013\/03\/0d419-orchidc3a9es01.jpg\"><img loading=\"lazy\" decoding=\"async\" class=\"size-full wp-image-826\" title=\"Orchid\u00e9es01\" src=\"http:\/\/tamtamdesbaronnies.com\/wordpress\/wp-content\/uploads\/2013\/03\/0d419-orchidc3a9es01.jpg\" alt=\"\" width=\"500\" height=\"333\" srcset=\"https:\/\/tamtamdesbaronnies.com\/wordpress\/wp-content\/uploads\/2013\/03\/0d419-orchidc3a9es01.jpg 500w, https:\/\/tamtamdesbaronnies.com\/wordpress\/wp-content\/uploads\/2013\/03\/0d419-orchidc3a9es01-300x200.jpg 300w\" sizes=\"auto, (max-width: 500px) 85vw, 500px\" \/><\/a><figcaption id=\"caption-attachment-826\" class=\"wp-caption-text\">+ Pendant deux jours, des centaines de fleurs fascinantes furent expos\u00e9es dans la salle des F\u00eates de La Palun au milieu d\u2019une v\u00e9g\u00e9tation exub\u00e9rante et une mise en sc\u00e8ne raffin\u00e9e.<\/figcaption><\/figure>\n<p style=\"text-align:justify;\">Pour sa onzi\u00e8me \u00e9dition l&rsquo;exposition \u00ab\u00a0Orchid\u00e9es Passions\u00a0\u00bb, organis\u00e9e cette ann\u00e9e par l&rsquo;association du m\u00eame nom en partenariat avec la commune et la maison des plantes de Buis les Baronnies, a connu une v\u00e9ritable cons\u00e9cration en accueillant durant le week-end\u00a0du 2 et 3 mars\u00a0plus de 2000 visiteurs dans la salle des f\u00eates de La Palun. Pour les sp\u00e9cialistes de cette fleur magique, l&rsquo;exposition orchidologique de Buis devient l&rsquo;une des plus importantes manifestations de ce type dans le sud\u00a0de la France et sans doute la plus raffin\u00e9e en terme de mise en sc\u00e8ne des fleurs.<\/p>\n<figure id=\"attachment_827\" aria-describedby=\"caption-attachment-827\" style=\"width: 500px\" class=\"wp-caption aligncenter\"><a href=\"http:\/\/tamtamdesbaronnies.blog.lemonde.fr\/files\/2013\/03\/0rchid\u00e9es07.jpg\"><img loading=\"lazy\" decoding=\"async\" class=\"size-full wp-image-827\" title=\"0rchid\u00e9es07\" src=\"http:\/\/tamtamdesbaronnies.blog.lemonde.fr\/files\/2013\/03\/0rchid\u00e9es07.jpg\" alt=\"\" width=\"500\" height=\"309\" \/><\/a><figcaption id=\"caption-attachment-827\" class=\"wp-caption-text\">Sur une vaste estrade au milieu de la salle, une micro jungle rocheuse travers\u00e9e d\u2019un cour d\u2019eau est reconstitu\u00e9e.<\/figcaption><\/figure>\n<p style=\"text-align:justify;\">Au centre de la salle sur une vaste estrade, quelques 230 orchid\u00e9es d\u2019une centaine d\u2019esp\u00e8ces, dont certaines particuli\u00e8rement rares, \u00e9taient harmonieusement dispos\u00e9es au milieu d&rsquo;une exub\u00e9rante v\u00e9g\u00e9tation, reconstituant sur 50m2 une micro jungle rocheuse travers\u00e9e d\u2019un cour d\u2019eau. Les orchid\u00e9es de toutes esp\u00e8ces provenaient des collections particuli\u00e8res et des serres professionnelles de plusieurs sp\u00e9cialistes de la r\u00e9gion. Notamment celles du collectionneur mollanais Patrice Jeudy, et surtout celles de Jo\u00ebl Jack, horticulteur sp\u00e9cialiste de cette fleur \u00e0 Sanary (Var).<\/p>\n<figure id=\"attachment_828\" aria-describedby=\"caption-attachment-828\" style=\"width: 500px\" class=\"wp-caption aligncenter\"><a href=\"http:\/\/tamtamdesbaronnies.com\/wordpress\/wp-content\/uploads\/2013\/03\/cce59-orchidc3a9es06.jpg\"><img loading=\"lazy\" decoding=\"async\" class=\"size-full wp-image-828\" title=\"Orchid\u00e9es06\" src=\"http:\/\/tamtamdesbaronnies.com\/wordpress\/wp-content\/uploads\/2013\/03\/cce59-orchidc3a9es06.jpg\" alt=\"\" width=\"500\" height=\"353\" srcset=\"https:\/\/tamtamdesbaronnies.com\/wordpress\/wp-content\/uploads\/2013\/03\/cce59-orchidc3a9es06.jpg 500w, https:\/\/tamtamdesbaronnies.com\/wordpress\/wp-content\/uploads\/2013\/03\/cce59-orchidc3a9es06-300x212.jpg 300w\" sizes=\"auto, (max-width: 500px) 85vw, 500px\" \/><\/a><figcaption id=\"caption-attachment-828\" class=\"wp-caption-text\">Le collectionneur mollanais Patrice Jeudy fut l\u2019un des maitres d\u2019\u0153uvre de cette magnifique exposition.<\/figcaption><\/figure>\n<p style=\"text-align:justify;\">Entourant le podium central, diff\u00e9rents stands d\u2019exposition-vente d\u2019orchid\u00e9es et de plantes rares (vanille de Madagascar, plantes a\u00e9riennes \u00e9piphytes, cactus et succulentes) ainsi que des produits de l\u2019artisanat li\u00e9s aux orchid\u00e9es (bijoux, soieries, modelages, \u00e9maux) suscit\u00e8rent pendant deux jours le vif int\u00e9r\u00eat d\u2019un public de passionn\u00e9s venus parfois de fort loin pour admirer cette magnifique f\u00eate de l\u2019orchid\u00e9e.<\/p>\n<figure id=\"attachment_830\" aria-describedby=\"caption-attachment-830\" style=\"width: 500px\" class=\"wp-caption aligncenter\"><a href=\"http:\/\/tamtamdesbaronnies.com\/wordpress\/wp-content\/uploads\/2013\/03\/5ff10-orchidc3a9es041.jpg\"><img loading=\"lazy\" decoding=\"async\" class=\"size-full wp-image-830\" title=\"Orchid\u00e9es04\" src=\"http:\/\/tamtamdesbaronnies.com\/wordpress\/wp-content\/uploads\/2013\/03\/5ff10-orchidc3a9es041.jpg\" alt=\"\" width=\"500\" height=\"279\" srcset=\"https:\/\/tamtamdesbaronnies.com\/wordpress\/wp-content\/uploads\/2013\/03\/5ff10-orchidc3a9es041.jpg 500w, https:\/\/tamtamdesbaronnies.com\/wordpress\/wp-content\/uploads\/2013\/03\/5ff10-orchidc3a9es041-300x167.jpg 300w\" sizes=\"auto, (max-width: 500px) 85vw, 500px\" \/><\/a><figcaption id=\"caption-attachment-830\" class=\"wp-caption-text\">Vendus en pots, les orchid\u00e9es de Jo\u00ebl Jack, horticulteur \u00e0 Sanary, connurent un franc succ\u00e8s.<\/figcaption><\/figure>\n<p style=\"text-align:justify;\">Il est vrai que la famille des orchid\u00e9es, qui compte quelques 30 000 esp\u00e8ces botaniques naturelles et plus de 100 000 hybrides cr\u00e9\u00e9s par l&rsquo;homme, est la famille de plantes \u00e0 fleurs probablement la plus fascinante qui existe par la richesse et la diversit\u00e9 de ses vari\u00e9t\u00e9s.<\/p>\n<figure id=\"attachment_831\" aria-describedby=\"caption-attachment-831\" style=\"width: 500px\" class=\"wp-caption aligncenter\"><a href=\"http:\/\/tamtamdesbaronnies.com\/wordpress\/wp-content\/uploads\/2013\/03\/31b77-orchidc3a9es05.jpg\"><img loading=\"lazy\" decoding=\"async\" class=\"size-full wp-image-831\" title=\"Orchid\u00e9es05\" src=\"http:\/\/tamtamdesbaronnies.com\/wordpress\/wp-content\/uploads\/2013\/03\/31b77-orchidc3a9es05.jpg\" alt=\"\" width=\"500\" height=\"367\" srcset=\"https:\/\/tamtamdesbaronnies.com\/wordpress\/wp-content\/uploads\/2013\/03\/31b77-orchidc3a9es05.jpg 500w, https:\/\/tamtamdesbaronnies.com\/wordpress\/wp-content\/uploads\/2013\/03\/31b77-orchidc3a9es05-300x220.jpg 300w\" sizes=\"auto, (max-width: 500px) 85vw, 500px\" \/><\/a><figcaption id=\"caption-attachment-831\" class=\"wp-caption-text\">Quand l\u2019orchid\u00e9e devient bijou avec Val\u00e9rie Lavault qui recouvre d\u2019or pur des orchid\u00e9es fraichement cueillis.<\/figcaption><\/figure>\n<p style=\"text-align:justify;\">Au cours de l\u2019inauguration, la pr\u00e9sidente de l&rsquo;association \u00ab Orchid\u00e9es Passions \u00bb Maryl\u00e8ne Barnouin ne cachait pas sa satisfaction devant <em>\u00ab ce v\u00e9ritable renouveau de l\u2019exposition \u00bb.<\/em> Elle remerciait vivement ceux qui y auront contribu\u00e9, <em>\u00ab\u00a0\u00e0 commencer par la commune de Buis les Baronnies, son maire et ses services techniques, ainsi que la vingtaine de b\u00e9n\u00e9voles de l&rsquo;association qui n\u2019auront pas m\u00e9nag\u00e9 leurs efforts\u00a0\u00bb.<\/em><\/p>\n<figure id=\"attachment_832\" aria-describedby=\"caption-attachment-832\" style=\"width: 500px\" class=\"wp-caption aligncenter\"><a href=\"http:\/\/tamtamdesbaronnies.com\/wordpress\/wp-content\/uploads\/2013\/03\/167d6-orchidc3a9es02.jpg\"><img loading=\"lazy\" decoding=\"async\" class=\"size-full wp-image-832\" title=\"Orchid\u00e9es02\" src=\"http:\/\/tamtamdesbaronnies.com\/wordpress\/wp-content\/uploads\/2013\/03\/167d6-orchidc3a9es02.jpg\" alt=\"\" width=\"500\" height=\"347\" srcset=\"https:\/\/tamtamdesbaronnies.com\/wordpress\/wp-content\/uploads\/2013\/03\/167d6-orchidc3a9es02.jpg 500w, https:\/\/tamtamdesbaronnies.com\/wordpress\/wp-content\/uploads\/2013\/03\/167d6-orchidc3a9es02-300x208.jpg 300w\" sizes=\"auto, (max-width: 500px) 85vw, 500px\" \/><\/a><figcaption id=\"caption-attachment-832\" class=\"wp-caption-text\">L\u2019inauguration s\u2019est d\u00e9roul\u00e9e en pr\u00e9sence du maire Jean Pierre Buix, du vice pr\u00e9sident du conseil r\u00e9gional Michel Gr\u00e9goire, du pr\u00e9sident de la maison des plantes Georges Mochot et de la pr\u00e9sidente de l\u2019association \u00ab Orchid\u00e9es Passions \u00bb Maryl\u00e8ne Barnouin.<\/figcaption><\/figure>\n<p style=\"text-align:justify;\">Jean Pierre Buix de son cot\u00e9 d\u00e9clarait souhaiter donner toute sa place \u00e0 l\u2019orchid\u00e9e parmi les plantes et productions agricoles des Baronnies. Le village qui abrite dans ses murs La Maison des Plantes ne pouvait en effet manquer d\u2019accueillir cette fleur magique, aux m\u00e9tamorphoses \u00e9tonnantes, et de proposer au public un spectacle botanique de tr\u00e8s haute gamme. <em>\u00ab\u00a0Pour la premi\u00e8re fois, la manifestation, qui se tenait habituellement \u00e0 Mollans, s&rsquo;est d\u00e9plac\u00e9e sur Buis et nous lui avons ouvert tout grand les bras en mettant \u00e0 sa disposition l&rsquo;espace de la Palun et la collaboration des services municipaux\u00a0\u00bb<\/em>, expliquait le maire. <em>\u00ab\u00a0Apr\u00e8s le tilleul, l\u2019olive, la vigne et la lavande, Buis est heureux de pouvoir c\u00e9l\u00e9brer, d\u00e9sormais chaque ann\u00e9e, l\u2019une des plus belles fleurs du monde.<\/em><em> <\/em><em>La venue d&rsquo;Orchid\u00e9e Passion au Buis prouve que la r\u00e9gion est b\u00e9nie des Dieux et qu&rsquo;au-del\u00e0 des querelles politiques, la collaboration entre la population des 2 bourgs est exemplaire\u00a0\u00bb<\/em>.<\/p>\n<p style=\"text-align:justify;\"><strong>Alain BOSMANS<\/strong><br \/>\nArticle partiellement paru dans le Dauphin\u00e9 Lib\u00e9r\u00e9 du 4 mars 2013<\/p>\n<figure id=\"attachment_833\" aria-describedby=\"caption-attachment-833\" style=\"width: 500px\" class=\"wp-caption aligncenter\"><a href=\"http:\/\/tamtamdesbaronnies.com\/wordpress\/wp-content\/uploads\/2013\/03\/925e7-orchidc3a9es03.jpg\"><img loading=\"lazy\" decoding=\"async\" class=\"size-full wp-image-833\" title=\"Orchid\u00e9es03\" src=\"http:\/\/tamtamdesbaronnies.com\/wordpress\/wp-content\/uploads\/2013\/03\/925e7-orchidc3a9es03.jpg\" alt=\"\" width=\"500\" height=\"251\" srcset=\"https:\/\/tamtamdesbaronnies.com\/wordpress\/wp-content\/uploads\/2013\/03\/925e7-orchidc3a9es03.jpg 500w, https:\/\/tamtamdesbaronnies.com\/wordpress\/wp-content\/uploads\/2013\/03\/925e7-orchidc3a9es03-300x151.jpg 300w\" sizes=\"auto, (max-width: 500px) 85vw, 500px\" \/><\/a><figcaption id=\"caption-attachment-833\" class=\"wp-caption-text\">Se d\u00e9roulant pour la premi\u00e8re fois au Buis, l\u2019exposition \u00ab Orchid\u00e9es Passion \u00bb aura attir\u00e9 plus de 2000 visiteurs.<\/figcaption><\/figure>\n<p style=\"text-align:justify;\">\n","protected":false},"excerpt":{"rendered":"<p>Pour sa onzi\u00e8me \u00e9dition l&rsquo;exposition \u00ab\u00a0Orchid\u00e9es Passions\u00a0\u00bb, organis\u00e9e cette ann\u00e9e par l&rsquo;association du m\u00eame nom en partenariat avec la commune et la maison des plantes de Buis les Baronnies, a connu une v\u00e9ritable cons\u00e9cration en accueillant durant le week-end\u00a0du 2 et 3 mars\u00a0plus de 2000 visiteurs dans la salle des f\u00eates de La Palun. Pour &hellip; <a href=\"https:\/\/tamtamdesbaronnies.com\/wordpress\/2013\/03\/04\/la-passion-devorante-des-orchidees\/\" class=\"more-link\">Continuer la lecture<span class=\"screen-reader-text\"> de &laquo;&nbsp;LA PASSION DEVORANTE DES ORCHIDEES&nbsp;&raquo;<\/span><\/a><\/p>\n","protected":false},"author":2,"featured_media":0,"comment_status":"open","ping_status":"closed","sticky":false,"template":"","format":"standard","meta":{"spay_email":"","footnotes":""},"categories":[6,3,1],"tags":[],"class_list":["post-825","post","type-post","status-publish","format-standard","hentry","category-actualite-des-baronnies","category-associations","category-non-classe"],"jetpack_featured_media_url":"","_links":{"self":[{"href":"https:\/\/tamtamdesbaronnies.com\/wordpress\/wp-json\/wp\/v2\/posts\/825","targetHints":{"allow":["GET"]}}],"collection":[{"href":"https:\/\/tamtamdesbaronnies.com\/wordpress\/wp-json\/wp\/v2\/posts"}],"about":[{"href":"https:\/\/tamtamdesbaronnies.com\/wordpress\/wp-json\/wp\/v2\/types\/post"}],"author":[{"embeddable":true,"href":"https:\/\/tamtamdesbaronnies.com\/wordpress\/wp-json\/wp\/v2\/users\/2"}],"replies":[{"embeddable":true,"href":"https:\/\/tamtamdesbaronnies.com\/wordpress\/wp-json\/wp\/v2\/comments?post=825"}],"version-history":[{"count":0,"href":"https:\/\/tamtamdesbaronnies.com\/wordpress\/wp-json\/wp\/v2\/posts\/825\/revisions"}],"wp:attachment":[{"href":"https:\/\/tamtamdesbaronnies.com\/wordpress\/wp-json\/wp\/v2\/media?parent=825"}],"wp:term":[{"taxonomy":"category","embeddable":true,"href":"https:\/\/tamtamdesbaronnies.com\/wordpress\/wp-json\/wp\/v2\/categories?post=825"},{"taxonomy":"post_tag","embeddable":true,"href":"https:\/\/tamtamdesbaronnies.com\/wordpress\/wp-json\/wp\/v2\/tags?post=825"}],"curies":[{"name":"wp","href":"https:\/\/api.w.org\/{rel}","templated":true}]}}