{"id":819,"date":"2013-02-22T15:56:07","date_gmt":"2013-02-22T14:56:07","guid":{"rendered":"http:\/\/tamtamdesbaronnies.blog.lemonde.fr\/?p=805"},"modified":"2013-02-22T15:56:07","modified_gmt":"2013-02-22T14:56:07","slug":"vinsobres-le-parti-den-rire","status":"publish","type":"post","link":"https:\/\/tamtamdesbaronnies.com\/wordpress\/2013\/02\/22\/vinsobres-le-parti-den-rire\/","title":{"rendered":"VINSOBRES, LE PARTI D&rsquo;EN RIRE !"},"content":{"rendered":"<p style=\"text-align:justify;\"><span style=\"font-size:large;\"><strong>Le village de Vinsobres a \u00e9t\u00e9 choisi pour organiser, en juillet 2013, la rencontre nationale des villages aux noms burlesques, f\u00eate exceptionnelle et unique en son genre.<\/strong><\/span><\/p>\n<figure id=\"attachment_806\" aria-describedby=\"caption-attachment-806\" style=\"width: 500px\" class=\"wp-caption aligncenter\"><a href=\"http:\/\/tamtamdesbaronnies.com\/wordpress\/wp-content\/uploads\/2013\/02\/c7f74-vinsobres01.jpg\"><img loading=\"lazy\" decoding=\"async\" class=\"size-full wp-image-806\" title=\"Vinsobres01\" src=\"http:\/\/tamtamdesbaronnies.com\/wordpress\/wp-content\/uploads\/2013\/02\/c7f74-vinsobres01.jpg\" alt=\"\" width=\"500\" height=\"382\" \/><\/a><figcaption id=\"caption-attachment-806\" class=\"wp-caption-text\">Les maires et repr\u00e9sentants de 13 communes sont venus \u00e0 Vinsobres pr\u00e9parer la prochaine rencontre. Au premier rang, on reconnait Louison Flouret (pr\u00e9sidente de l&rsquo;association \u00ab\u00a0Vinsobres, qui l&rsquo;e\u00fbt cr\u00fb !\u00a0\u00bb), Serge Cornud (maire de Vinsobres), Patrick Lasseube (pr\u00e9sident du groupement des communes aux noms burlesques) et Roger Gleize (pr\u00e9sident du comit\u00e9 des vignerons de Vinsobres).<\/figcaption><\/figure>\n<p style=\"text-align:justify;\"><strong>R\u00e9unir la truculence des mots et la succulence des produits, se servir du nom \u00e9vocateur d\u2019un village qui pr\u00eate \u00e0 sourire pour faire parler de soi, utiliser l\u2019art de l\u2019autod\u00e9rision pour promouvoir sans complexe la d\u00e9couverte de produits r\u00e9gionaux, tel est le programme du \u00ab\u00a0Groupement national des communes aux noms burlesques, pittoresques ou chantants\u00a0\u00bb dont la 11<sup>\u00e8me<\/sup> rencontre annuelle se d\u00e9roulera les 6 et 7 juillet prochain \u00e0 Vinsobres.<\/strong><\/p>\n<p style=\"text-align:justify;\">Le groupement des communes aux noms burlesques a vu le jour en 2003 lorsque le maire Patrick Lasseube de la commune de Saint-Lys en pays toulousain (dont un des hameaux signifie \u00ab mange-oignon \u00bb en occitan) eut l\u2019id\u00e9e g\u00e9niale d\u2019inviter toutes les communes de France ayant un nom qui pr\u00eataient \u00e0 sourire, \u00e0 la traditionnelle f\u00eate champ\u00eatre du hameau en question. Ce f\u00fbt l\u00e0 le d\u00e9part d\u2019une \u00e9pop\u00e9e qui, regroupant \u00e0 peine 9 communes en 2003, en compte aujourd\u2019hui plus d\u2019une quarantaine. Depuis, des liens d\u2019amiti\u00e9s se sont tiss\u00e9s entre ces communes qui, chaque ann\u00e9e d\u00e9but juillet, sont accueillis par l\u2019une d\u2019entre elles pour un rassemblement haut en couleur. Le village d\u00e9sign\u00e9 rivalise alors d\u2019ing\u00e9niosit\u00e9 pour recevoir dans la bonne humeur de tr\u00e8s nombreux visiteurs et cr\u00e9er un \u00e9v\u00e9nement national tr\u00e8s pris\u00e9 des m\u00e9dias. Apr\u00e8s Saint-Lys en 2003, ce f\u00fbt le tour de Beaufou en 2004, Cocumont en 2005, Arnac la Poste en 2006, Clochemerle en 2007, Vatan en 2008, Bouzill\u00e9 en 2009, Cassaniouze en 2010, Corps Nuds en 2011, Andouill\u00e9 en 2012. Et en 2013 ce sera Vinsobres, seule commune du Sud-est de la France, repr\u00e9sentant la Provence au sein du groupement. Vinsobres en 2013\u00a0! Qui l\u2019e\u00fbt cr\u00fb\u00a0?<\/p>\n<p style=\"text-align:justify;\"><a href=\"http:\/\/tamtamdesbaronnies.com\/wordpress\/wp-content\/uploads\/2013\/02\/7c5f8-vinsobres03.jpg\"><img loading=\"lazy\" decoding=\"async\" class=\"aligncenter size-full wp-image-807\" title=\"vinsobres03\" src=\"http:\/\/tamtamdesbaronnies.com\/wordpress\/wp-content\/uploads\/2013\/02\/7c5f8-vinsobres03.jpg\" alt=\"\" width=\"500\" height=\"336\" \/><\/a><\/p>\n<p style=\"text-align:center;\"><span style=\"font-size:x-large;\"><strong>Vinsobres\u00a0! Qui l\u2019e\u00fbt cr\u00fb\u00a0?<\/strong><\/span><\/p>\n<p style=\"text-align:justify;\">Le maire de Vinsobres Serge Cornud (\u00e7a ne s\u2019invente pas\u00a0!) dont la mairie est situ\u00e9e rue Gironde (\u00e7a ne s\u2019invente pas non plus) explique\u00a0: <em>\u00ab\u00a0C\u2019est au salon de l\u2019agriculture en f\u00e9vrier 2006 que tout a commenc\u00e9. La cave coop\u00e9rative \u00ab\u00a0La Vinsobraise\u00a0\u00bb a \u00e9t\u00e9 contact\u00e9e par un groupe de jeunes gens d\u2019Arnac-la-Poste qui, ayant beaucoup appr\u00e9ci\u00e9 le nom de notre village et, semble-t-il, encore plus son vin, a demand\u00e9 si la commune voulait bien rejoindre le groupement national des communes aux noms burlesques. Nous y avons adh\u00e9r\u00e9 en 2007 et depuis, chaque ann\u00e9e, Vinsobres envoi une d\u00e9l\u00e9gation pour participer aux rencontres annuelles ou notre stand connait un vif succ\u00e8s. La tr\u00e8s forte sollicitation des autres villages nous a ensuite amen\u00e9 \u00e0 nous porter candidat pour recevoir en 2013 la 11<sup>\u00e8me<\/sup> rencontre annuelle du groupement\u00a0\u00bb. <\/em>En somme,<em> <\/em>Vinsobres y a cr\u00fb\u00a0!<\/p>\n<figure id=\"attachment_808\" aria-describedby=\"caption-attachment-808\" style=\"width: 500px\" class=\"wp-caption aligncenter\"><a href=\"http:\/\/tamtamdesbaronnies.com\/wordpress\/wp-content\/uploads\/2013\/02\/533b7-vinsobres02.jpg\"><img loading=\"lazy\" decoding=\"async\" class=\"size-full wp-image-808\" title=\"Vinsobres02\" src=\"http:\/\/tamtamdesbaronnies.com\/wordpress\/wp-content\/uploads\/2013\/02\/533b7-vinsobres02.jpg\" alt=\"\" width=\"500\" height=\"400\" \/><\/a><figcaption id=\"caption-attachment-808\" class=\"wp-caption-text\">Le maire de Vinsobres Serge Cornud<\/figcaption><\/figure>\n<p style=\"text-align:center;\"><span style=\"font-size:x-large;\"><strong>Profiter de son nom pour se faire un nom !<\/strong><\/span><\/p>\n<p style=\"text-align:justify;\">En accueillant les 6 et 7 juillet prochain la 11<sup>\u00e8me<\/sup> Rencontre des communes aux noms burlesques, pittoresques ou chantants, le village compte bien en effet profiter de son nom pour valoriser les multiples richesses de son terroir. A commencer par la qualit\u00e9 de ses vins, reconnus \u00ab\u00a0Crus des c\u00f4tes du Rh\u00f4ne\u00a0\u00bb depuis 2006. Mais aussi de ses olives et huiles en AOC depuis 1994, de sa truffe noire, de ses champs de lavande et lavandin ou encore de ses vergers d\u2019abricotiers \u00ab\u00a0Orang\u00e9 de Provence\u00a0\u00bb.<\/p>\n<p class=\"wp-caption-dt\"><a href=\"http:\/\/tamtamdesbaronnies.com\/wordpress\/wp-content\/uploads\/2013\/02\/325ff-vinsobres04.jpg\"><img loading=\"lazy\" decoding=\"async\" class=\"size-full wp-image-810 aligncenter\" title=\"vinsobres04\" src=\"http:\/\/tamtamdesbaronnies.com\/wordpress\/wp-content\/uploads\/2013\/02\/325ff-vinsobres04.jpg\" alt=\"\" width=\"500\" height=\"387\" \/><\/a><\/p>\n<dl class=\"wp-caption aligncenter\" style=\"width:510px;\">\n<dd class=\"wp-caption-dd\">Le pr\u00e9sident du groupement des communes aux noms burlesques Patrick Lasseube.<\/dd>\n<\/dl>\n<p style=\"text-align:justify;\"><em>\u00ab\u00a0La f\u00eate annuelle des communes aux noms burlesques est un grand moment de partage, d\u2019\u00e9change et de bonne humeur\u00a0\u00bb<\/em> soulignait le pr\u00e9sident fondateur du groupement Patrick Lasseube lors de la conf\u00e9rence de presse tenue samedi dernier \u00e0 Vinsobres o\u00f9 une quarantaine de repr\u00e9sentants des communes du groupement \u00e9taient venus de toute la France pour pr\u00e9parer le prochain rassemblement. <em>\u00ab\u00a0Notre mission est de promouvoir le rire, la gastronomie, la convivialit\u00e9, la d\u00e9couverte de nos produits r\u00e9gionaux authentiques, autant d\u2019ingr\u00e9dients qui favorisent les \u00e9changes humains, les liaisons directes entre producteurs et consommateurs\u2026\u00a0\u00bb<\/em><\/p>\n<figure id=\"attachment_812\" aria-describedby=\"caption-attachment-812\" style=\"width: 500px\" class=\"wp-caption aligncenter\"><a href=\"http:\/\/tamtamdesbaronnies.com\/wordpress\/wp-content\/uploads\/2013\/02\/ae71f-vinsobres07.jpg\"><img loading=\"lazy\" decoding=\"async\" class=\"size-full wp-image-812\" title=\"Vinsobres07\" src=\"http:\/\/tamtamdesbaronnies.com\/wordpress\/wp-content\/uploads\/2013\/02\/ae71f-vinsobres07.jpg\" alt=\"\" width=\"500\" height=\"335\" \/><\/a><figcaption id=\"caption-attachment-812\" class=\"wp-caption-text\">En2012, une nombreuse d\u00e9l\u00e9gation vinsobraise a joyeusement particip\u00e9 aux journ\u00e9es de rencontre \u00e0 Andouill\u00e9<\/figcaption><\/figure>\n<p style=\"text-align:center;\"><span style=\"font-size:x-large;\"><strong>Une f\u00eate gourmande des terroirs de France<\/strong><\/span><\/p>\n<p style=\"text-align:justify;\">Cette manifestation unique en son genre s\u2019inscrit dans la tradition des f\u00eates populaires agricoles. Venant de toute la France, chaque village se d\u00e9place en d\u00e9l\u00e9gation et pendant deux jours, le village d\u2019accueil se transforme en un grand march\u00e9 de terroir o\u00f9 chaque commune dispose d\u2019un stand pour promouvoir ses produits et son identit\u00e9. En parall\u00e8le du march\u00e9, de nombreuses animations gratuites ponctuent la manifestation attirant une foule nombreuse\u00a0: d\u00e9fil\u00e9 des d\u00e9l\u00e9gations, visites guid\u00e9es, d\u00e9fi des maires, expositions, randonn\u00e9es, d\u00e9monstrations de m\u00e9tiers, jeux pour enfants, \u2026<\/p>\n<figure id=\"attachment_811\" aria-describedby=\"caption-attachment-811\" style=\"width: 500px\" class=\"wp-caption aligncenter\"><a href=\"http:\/\/tamtamdesbaronnies.com\/wordpress\/wp-content\/uploads\/2013\/02\/7d3a2-vinsobres06.jpg\"><img loading=\"lazy\" decoding=\"async\" class=\"size-full wp-image-811\" title=\"Vinsobres06\" src=\"http:\/\/tamtamdesbaronnies.com\/wordpress\/wp-content\/uploads\/2013\/02\/7d3a2-vinsobres06.jpg\" alt=\"\" width=\"500\" height=\"241\" \/><\/a><figcaption id=\"caption-attachment-811\" class=\"wp-caption-text\">Des repr\u00e9sentants de 13 communes (sur les 27 qui enverront des d\u00e9l\u00e9gations en juillet) \u00e9taient pr\u00e9sents le week-end du 16 et 17 f\u00e9vrier \u00e0 Vinsobres pour pr\u00e9parer la prochaine rencontre.<\/figcaption><\/figure>\n<p style=\"text-align:justify;\">A Vinsobres les 6 et 7 juillet prochain, 27 communes du groupement seront repr\u00e9sent\u00e9es et entre 500 et 600 personnes des diff\u00e9rentes d\u00e9l\u00e9gations seront accueillis, la plupart chez l\u2019habitant. 15 000 visiteurs sont attendus sur les deux jours et une \u00e9quipe d\u2019environ 200 b\u00e9n\u00e9voles est mobilis\u00e9e. 3500 \u00e0 4\u00a0000 repas seront servis avec des produits typiques de la r\u00e9gion arros\u00e9s du nectar des dieux local. De tr\u00e8s nombreux m\u00e9dias r\u00e9gionaux et nationaux sont appel\u00e9s \u00e0 relayer l\u2019\u00e9v\u00e9nement qui constituera un temps fort de communication pour la renomm\u00e9e du village, de ses productions agricoles et de son image touristique.<\/p>\n<figure id=\"attachment_809\" aria-describedby=\"caption-attachment-809\" style=\"width: 500px\" class=\"wp-caption aligncenter\"><a href=\"http:\/\/tamtamdesbaronnies.com\/wordpress\/wp-content\/uploads\/2013\/02\/ece6a-vinsobres05.jpg\"><img loading=\"lazy\" decoding=\"async\" class=\"size-full wp-image-809\" title=\"Vinsobres05\" src=\"http:\/\/tamtamdesbaronnies.com\/wordpress\/wp-content\/uploads\/2013\/02\/ece6a-vinsobres05.jpg\" alt=\"\" width=\"500\" height=\"218\" \/><\/a><figcaption id=\"caption-attachment-809\" class=\"wp-caption-text\">le maire de la commune Serge Cornud (avec le micro), le pr\u00e9sident du groupement des communes aux noms burlesques Patrick Lasseube (\u00e0 droite), la pr\u00e9sidente de l\u2019association \u00ab Vinsobres, qui l\u2019e\u00fbt cr\u00fb ! \u00bb Lison Flouret et le pr\u00e9sident du comit\u00e9 des vignerons de Vinsobres Roger Gleize ont pr\u00e9sent\u00e9 le programme des journ\u00e9es du 3 et 7 juillet.<\/figcaption><\/figure>\n<p style=\"text-align:center;\"><span style=\"font-size:x-large;\"><strong>La pr\u00e9paration bat son plein !<\/strong><\/span><\/p>\n<p style=\"text-align:justify;\">Pour organiser la manifestation une association \u00ab\u00a0Vinsobres, qui l\u2019e\u00fbt cr\u00fb\u00a0!\u00a0\u00bb a vu le jour en mai 2010. Pr\u00e9sid\u00e9e par la conseill\u00e8re municipale Lison Flouret, elle compte aujourd\u2019hui environ 70 adh\u00e9rents et plus d\u2019une centaine de b\u00e9n\u00e9voles impliqu\u00e9s. Afin de mener \u00e0 bien son action, 13 commissions de travail th\u00e9matiques ouvertes \u00e0 tous ont \u00e9t\u00e9 mises en place (h\u00e9bergement, animations, restauration, finances, s\u00e9curit\u00e9, logistique, vins, \u2026). Dot\u00e9 d\u2019un budget de 144\u00a0000 euros, l\u2019association peut compter sur le total soutien de la municipalit\u00e9, de l\u2019office de tourisme, du conseil g\u00e9n\u00e9ral et de la chambre d\u2019agriculture de la Dr\u00f4me, ainsi que de nombreux partenaires locaux. L\u2019association \u00ab\u00a0Vinsobres, qui l\u2019e\u00fbt cr\u00fb\u00a0!\u00a0\u00bb a \u00e9galement nou\u00e9 un partenariat tr\u00e8s fort avec le Comit\u00e9 des vignerons de Vinsobres qui travaille main dans la main pour le succ\u00e8s de cette manifestation festive unique, o\u00f9 le vin, le cru de Vinsobres, tiendra une place pr\u00e9pond\u00e9rante.<\/p>\n<p style=\"text-align:justify;\"><span style=\"font-size:x-large;\"><strong>La Cuv\u00e9e sp\u00e9ciale \u00ab\u00a0Vinsobres, qui l&rsquo;e\u00fbt cru !<\/strong><\/span><a href=\"http:\/\/tamtamdesbaronnies.com\/wordpress\/wp-content\/uploads\/2013\/02\/958ec-vinsobres082.jpg\"><img loading=\"lazy\" decoding=\"async\" title=\"Vinsobres08\" src=\"http:\/\/tamtamdesbaronnies.com\/wordpress\/wp-content\/uploads\/2013\/02\/958ec-vinsobres082.jpg\" alt=\"\" width=\"97\" height=\"300\" \/><\/a>En tant que h\u00f4tes de cette 11<sup>\u00e8me<\/sup> rencontre des communes aux noms burlesques, pittoresques ou chantants, les vignerons de Vinsobres se sont montr\u00e9s cr\u00e9atifs et originaux pour pr\u00e9senter leur savoir-faire aux 15 000 visiteurs issus de la France enti\u00e8re attendus durant le week-end du 6 et 7 juillet 2013. Une cuv\u00e9e sp\u00e9ciale \u00ab Vinsobres, qui l&rsquo;e\u00fbt cru\u00a0! \u00bb a \u00e9t\u00e9 cr\u00e9\u00e9e pour l&rsquo;occasion. Douze domaines ou caves ont r\u00e9pondu favorablement \u00e0 ce beau projet ambitieux et f\u00e9d\u00e9rateur.<br \/>\nPour Pascal Monier, Directeur de la cave coop\u00e9rative la Vinsobraise et responsable de la commission vin <em>\u00ab Cette bouteille r\u00e9sume toute la symbolique de la grande f\u00eate qui se pr\u00e9pare. Cet assemblage sera l&rsquo;expression de diff\u00e9rents terroirs de la commune de Vinsobres ainsi que diff\u00e9rents coups de mains de vinificateurs. \u00bb<br \/>\n<\/em>Le mill\u00e9sime de la cuv\u00e9e est un 2011, superbe mill\u00e9sime sur le fruit avec des tanins soyeux. Pr\u00e8s de 2 000 bouteilles sont produites et seront servies lors des diff\u00e9rents repas durant les deux jours de la f\u00eate. Les visiteurs retrouveront ce d\u00e9licieux \u00ab Vinsobres \u00bb aux diff\u00e9rentes buvettes du march\u00e9 des terroirs.<br \/>\nLes Domaines ou Caves ayant gracieusement particip\u00e9s \u00e0 l&rsquo;\u00e9laboration de cette cuv\u00e9e sont : Domaine Chaume-Arnaud, Domaine Jaume, Domaine de Deurre, Domaine le Mirabeau, Domaine Autrand, Domaine Peysson, Ch\u00e2teau de Rouanne, Domaine du Moulin, Cave La Vinsobraise, Domaine la Bataille des Anges, Domaine l&rsquo;Ancienne Ecole, Domaine la P\u00e9quelette.<\/p>\n<div>\n<p style=\"text-align:justify;\"><strong>Alain Bosmans<br \/>\n<\/strong>Article paru dans l&rsquo;Agriculture Dr\u00f4moise du jeudi 21 f\u00e9vrier 2013<\/p>\n<\/div>\n","protected":false},"excerpt":{"rendered":"<p>Le village de Vinsobres a \u00e9t\u00e9 choisi pour organiser, en juillet 2013, la rencontre nationale des villages aux noms burlesques, f\u00eate exceptionnelle et unique en son genre. R\u00e9unir la truculence des mots et la succulence des produits, se servir du nom \u00e9vocateur d\u2019un village qui pr\u00eate \u00e0 sourire pour faire parler de soi, utiliser l\u2019art &hellip; <a href=\"https:\/\/tamtamdesbaronnies.com\/wordpress\/2013\/02\/22\/vinsobres-le-parti-den-rire\/\" class=\"more-link\">Continuer la lecture<span class=\"screen-reader-text\"> de &laquo;&nbsp;VINSOBRES, LE PARTI D&rsquo;EN RIRE !&nbsp;&raquo;<\/span><\/a><\/p>\n","protected":false},"author":2,"featured_media":0,"comment_status":"open","ping_status":"closed","sticky":false,"template":"","format":"standard","meta":{"spay_email":"","footnotes":""},"categories":[6,12],"tags":[],"class_list":["post-819","post","type-post","status-publish","format-standard","hentry","category-actualite-des-baronnies","category-agriculture-des-baronnies"],"jetpack_featured_media_url":"","_links":{"self":[{"href":"https:\/\/tamtamdesbaronnies.com\/wordpress\/wp-json\/wp\/v2\/posts\/819","targetHints":{"allow":["GET"]}}],"collection":[{"href":"https:\/\/tamtamdesbaronnies.com\/wordpress\/wp-json\/wp\/v2\/posts"}],"about":[{"href":"https:\/\/tamtamdesbaronnies.com\/wordpress\/wp-json\/wp\/v2\/types\/post"}],"author":[{"embeddable":true,"href":"https:\/\/tamtamdesbaronnies.com\/wordpress\/wp-json\/wp\/v2\/users\/2"}],"replies":[{"embeddable":true,"href":"https:\/\/tamtamdesbaronnies.com\/wordpress\/wp-json\/wp\/v2\/comments?post=819"}],"version-history":[{"count":0,"href":"https:\/\/tamtamdesbaronnies.com\/wordpress\/wp-json\/wp\/v2\/posts\/819\/revisions"}],"wp:attachment":[{"href":"https:\/\/tamtamdesbaronnies.com\/wordpress\/wp-json\/wp\/v2\/media?parent=819"}],"wp:term":[{"taxonomy":"category","embeddable":true,"href":"https:\/\/tamtamdesbaronnies.com\/wordpress\/wp-json\/wp\/v2\/categories?post=819"},{"taxonomy":"post_tag","embeddable":true,"href":"https:\/\/tamtamdesbaronnies.com\/wordpress\/wp-json\/wp\/v2\/tags?post=819"}],"curies":[{"name":"wp","href":"https:\/\/api.w.org\/{rel}","templated":true}]}}