{"id":812,"date":"2012-02-01T18:56:52","date_gmt":"2012-02-01T17:56:52","guid":{"rendered":"http:\/\/tamtamdesbaronnies.blog.lemonde.fr\/?p=431"},"modified":"2012-02-01T18:56:52","modified_gmt":"2012-02-01T17:56:52","slug":"herve-mariton-jy-vais-ou-jy-vais-pas","status":"publish","type":"post","link":"https:\/\/tamtamdesbaronnies.com\/wordpress\/2012\/02\/01\/herve-mariton-jy-vais-ou-jy-vais-pas\/","title":{"rendered":"HERVE MARITON : J\u2019y vais ou j\u2019y vais pas ?"},"content":{"rendered":"<figure id=\"attachment_432\" aria-describedby=\"caption-attachment-432\" style=\"width: 500px\" class=\"wp-caption aligncenter\"><a href=\"http:\/\/tamtamdesbaronnies.com\/wordpress\/wp-content\/uploads\/2012\/02\/4d7eb-hervc3a9mariton0.jpg\"><img loading=\"lazy\" decoding=\"async\" class=\"size-full wp-image-432\" title=\"Herv\u00e9Mariton0\" src=\"http:\/\/tamtamdesbaronnies.com\/wordpress\/wp-content\/uploads\/2012\/02\/4d7eb-hervc3a9mariton0.jpg\" alt=\"\" width=\"500\" height=\"375\" \/><\/a><figcaption id=\"caption-attachment-432\" class=\"wp-caption-text\">Herv\u00e9 Mariton sera-t-il candidat \u00e0 sa propre succession aux prochaines l\u00e9gislatives ?<\/figcaption><\/figure>\n<p><span style=\"font-size:large;\"><strong>Une interview exclusive accord\u00e9e au \u00ab\u00a0Tam-tam des Baronnies\u00a0\u00bb par le d\u00e9put\u00e9 le plus m\u00e9diatique du PAF.<\/strong><\/span><\/p>\n<p><strong><span style=\"text-decoration:underline;\">Question<\/span><\/strong>\u00a0: La commission d&rsquo;investiture de l&rsquo;UMP pour les \u00e9lections l\u00e9gislatives, r\u00e9unie le 28 janvier dernier n&rsquo;a pas ent\u00e9rin\u00e9 la votre dans la 3\u00e8me circonscription de la Dr\u00f4me. Elle ne vous est pour l&rsquo;heure que \u00ab\u00a0r\u00e9serv\u00e9e\u00a0\u00bb dans l\u2019attente de votre d\u00e9cision. Quelle est la nature de cette ind\u00e9cision\u00a0?<\/p>\n<p><strong><span style=\"text-decoration:underline;\">Herv\u00e9 Mariton<\/span><\/strong>\u00a0:<em> La mission d\u2019un d\u00e9put\u00e9 est \u00e0 la fois difficile et exigeante. Suffisamment difficile et exigeante pour ne pas l\u2019accomplir de mani\u00e8re automatique. A 53 ans, ce qui est relativement jeune dans la vie politique, j\u2019essaie d\u2019\u00eatre un bon d\u00e9put\u00e9. Cela n\u2019est pas \u00e0 moi d\u2019en juger, mais j\u2019y mets de l\u2019engagement et je le fais du mieux que je peux. Alors, \u00e0 l\u2019heure de d\u00e9cider si je souhaite assumer de nouveau cette mission pour 5 ans, je me pose la question, de savoir si, sinc\u00e8rement, j\u2019en ai vraiment envie et si demain je peux le faire encore mieux.<br \/>\n<\/em><em>Un jour, c\u2019\u00e9tait avant qu\u2019il ne devienne pr\u00e9sident, j\u2019avais dit\u00a0: \u00ab\u00a0Nicolas Sarkozy doit faire des progr\u00e8s\u00a0\u00bb. Il l\u2019avait assez mal pris et avait r\u00e9pliqu\u00e9 \u00ab\u00a0Et si demain j\u2019allais dire dans la Dr\u00f4me que Mariton doit faire des progr\u00e8s\u00a0?\u00a0\u00bb Mais moi je r\u00e9ponds \u00ab\u00a0Chiche\u00a0\u00bb\u00a0! Je pense<br \/>\nque nous devons tous faire des progr\u00e8s et le d\u00e9fi que le Pr\u00e9sident de la R\u00e9publique me lan\u00e7ait ne me g\u00e8ne pas. Je consid\u00e8re que l\u2019\u00e9thique de progr\u00e8s est indispensable et que cette question doit \u00eatre pos\u00e9e \u00e0 l\u2019heure o\u00f9 l\u2019on envisage le renouvellement de son mandat.<br \/>\n<\/em><em>Cela peut paraitre na\u00eff, un peu b\u00eate, mais pour moi, c\u2019est n\u00e9cessaire et sain. Alors si\u00a0 demain je suis candidat, les gens ne seront pas surpris. Mais en m\u00eame temps je demande<br \/>\naux \u00e9lecteurs de consid\u00e9rer que le renouvellement d\u2019une candidature ne doit pas \u00eatre automatique et j\u2019ai besoin encore d\u2019un mois de r\u00e9flexion pour prendre une d\u00e9cision.<\/em><\/p>\n<p><strong><span style=\"text-decoration:underline;\">Question<\/span><\/strong>\u00a0: Cette r\u00e9flexion ne comporte-t-elle pas des consid\u00e9rations politiques\u00a0?<\/p>\n<p><strong><span style=\"text-decoration:underline;\">Herv\u00e9 Mariton<\/span><\/strong>\u00a0: <em>Non, je n\u2019ai pas de probl\u00e8me avec le programme de l\u2019UMP. Globalement, le projet tel qu\u2019il se pr\u00e9sente aujourd\u2019hui me convient, m\u00eame si, en homme politique libre et ind\u00e9pendant, je reste tr\u00e8s attentif \u00e0 ce qui est propos\u00e9. Mais tr\u00e8s franchement, il s\u2019agit essentiellement d\u2019une interrogation personnelle sur la mani\u00e8re dont je peux continuer \u00e0 remplir demain ma mission.<\/em><\/p>\n<p><strong><span style=\"text-decoration:underline;\">Question<\/span><\/strong>\u00a0: Ces exigences personnelles pourrait-elles vous amener \u00e0 ne pas vous pr\u00e9senter ?<\/p>\n<p><strong><span style=\"text-decoration:underline;\">Herv\u00e9 Mariton<\/span><\/strong>\u00a0 (apr\u00e8s un bref silence) : <em>La r\u00e9ponse est oui. Si je me pose la question c\u2019est \u00e9videmment que je m\u2019autorise les deux possibilit\u00e9s de r\u00e9ponse.<\/em><em>\u00a0<\/em><\/p>\n<p><strong>Propos recueillis le lundi 30 janvier\u00a02012 au Buis par Alain\u00a0 Bosmans<\/strong><\/p>\n<figure id=\"attachment_433\" aria-describedby=\"caption-attachment-433\" style=\"width: 500px\" class=\"wp-caption aligncenter\"><a href=\"http:\/\/tamtamdesbaronnies.blog.lemonde.fr\/files\/2012\/02\/Herv\u00e9Mariton01.jpg\"><img loading=\"lazy\" decoding=\"async\" class=\"size-full wp-image-433\" title=\"Herv\u00e9Mariton01\" src=\"http:\/\/tamtamdesbaronnies.blog.lemonde.fr\/files\/2012\/02\/Herv\u00e9Mariton01.jpg\" alt=\"\" width=\"500\" height=\"386\" \/><\/a><figcaption id=\"caption-attachment-433\" class=\"wp-caption-text\">Herv\u00e9 Mariton en visite \u00e0 la MFR de Buis lundi 30 janvier 2012<\/figcaption><\/figure>\n<p style=\"text-align:center;\"><span style=\"text-decoration:underline;\"><span style=\"font-size:x-large;\"><strong>\u00a0COMMENTAIRES DU TAM-TAM<\/strong><\/span><\/span><\/p>\n<p style=\"text-align:left;\">Sans mettre en doute la sinc\u00e9rit\u00e9 de M. Mariton lorsqu\u2019il dit que seules des consid\u00e9rations personnelles l\u2019emp\u00eachent aujourd\u2019hui de pr\u00e9senter sa candidature au renouvellement de son mandat de d\u00e9put\u00e9 de la Dr\u00f4me, on peut tout de m\u00eame s\u2019interroger sur cette \u00e9trange h\u00e9sitation. Le 28 janvier \u00e0 Paris l\u2019UMP a investi 501 candidats sur 577 circonscriptions. Les 76 autres, (dont celle de M. Mariton) sont, pour l&rsquo;heure, \u00ab\u00a0r\u00e9serv\u00e9es\u00a0\u00bb. Mais r\u00e9serv\u00e9es \u00e0 qui\u00a0? L\u2019UMP soutiendra, nous dit le document remis \u00e0 la presse, \u00ab<em>\u00a0tous ceux qui ont appel\u00e9 \u00e0 soutenir Nicolas Sarkozy d\u00e8s le premier tour ou sont susceptibles de le faire\u00a0\u00bb.<\/em><br \/>\nAinsi, l&rsquo;UMP n&rsquo;a pas investi de candidats face aux d\u00e9put\u00e9s sortants du Nouveau Centre, tandis que les amis radicaux de Jean-Louis Borloo, ceux de Dominique de Villepin ou les radicaux valoisiens sont, dans\u00a0cette premi\u00e8re proc\u00e9dure d&rsquo;investitures, m\u00e9nag\u00e9s par l&rsquo;UMP. Bien qu\u2019\u00e9tant d\u00fbment encart\u00e9 \u00e0 l&rsquo;UMP, Herv\u00e9 Mariton se trouve ainsi, de fait, parmi ces candidats que l\u2019on peut qualifier de \u00ab\u00a0non align\u00e9s\u00a0\u00bb au sarkosysme pur. Comment ne pas penser qu\u2019il y a l\u00e0 une posture politique qui convient, sommes toutes assez bien, \u00e0 celui qui se revendique <em>\u00ab\u00a0libre, ind\u00e9pendant et tr\u00e8s attentif \u00e0 ce qui est propos\u00e9\u00a0\u00bb <\/em>et qui l\u2019a souvent montr\u00e9 \u00e0 l\u2019\u00e9gard du Pr\u00e9sident de la R\u00e9publique.<\/p>\n<p style=\"text-align:left;\">Quoiqu\u2019il en soit, que les \u00e9lecteurs que nous sommes se rassurent (ou le regrettent), je pense qu\u2019il n\u2019y a vraiment que tr\u00e8s peu de chance pour que M. Mariton ne fasse pas acte de candidature \u00e0 la fin du mois de f\u00e9vrier. Pour ma part, je ne parierais pas un kopeck la dessus.<\/p>\n<p style=\"text-align:left;\"><strong>Alain Bosmans<\/strong><\/p>\n","protected":false},"excerpt":{"rendered":"<p>Une interview exclusive accord\u00e9e au \u00ab\u00a0Tam-tam des Baronnies\u00a0\u00bb par le d\u00e9put\u00e9 le plus m\u00e9diatique du PAF. Question\u00a0: La commission d&rsquo;investiture de l&rsquo;UMP pour les \u00e9lections l\u00e9gislatives, r\u00e9unie le 28 janvier dernier n&rsquo;a pas ent\u00e9rin\u00e9 la votre dans la 3\u00e8me circonscription de la Dr\u00f4me. Elle ne vous est pour l&rsquo;heure que \u00ab\u00a0r\u00e9serv\u00e9e\u00a0\u00bb dans l\u2019attente de votre &hellip; <a href=\"https:\/\/tamtamdesbaronnies.com\/wordpress\/2012\/02\/01\/herve-mariton-jy-vais-ou-jy-vais-pas\/\" class=\"more-link\">Continuer la lecture<span class=\"screen-reader-text\"> de &laquo;&nbsp;HERVE MARITON : J\u2019y vais ou j\u2019y vais pas ?&nbsp;&raquo;<\/span><\/a><\/p>\n","protected":false},"author":2,"featured_media":0,"comment_status":"open","ping_status":"closed","sticky":false,"template":"","format":"standard","meta":{"spay_email":"","footnotes":""},"categories":[6,18],"tags":[],"class_list":["post-812","post","type-post","status-publish","format-standard","hentry","category-actualite-des-baronnies","category-politique"],"jetpack_featured_media_url":"","_links":{"self":[{"href":"https:\/\/tamtamdesbaronnies.com\/wordpress\/wp-json\/wp\/v2\/posts\/812","targetHints":{"allow":["GET"]}}],"collection":[{"href":"https:\/\/tamtamdesbaronnies.com\/wordpress\/wp-json\/wp\/v2\/posts"}],"about":[{"href":"https:\/\/tamtamdesbaronnies.com\/wordpress\/wp-json\/wp\/v2\/types\/post"}],"author":[{"embeddable":true,"href":"https:\/\/tamtamdesbaronnies.com\/wordpress\/wp-json\/wp\/v2\/users\/2"}],"replies":[{"embeddable":true,"href":"https:\/\/tamtamdesbaronnies.com\/wordpress\/wp-json\/wp\/v2\/comments?post=812"}],"version-history":[{"count":0,"href":"https:\/\/tamtamdesbaronnies.com\/wordpress\/wp-json\/wp\/v2\/posts\/812\/revisions"}],"wp:attachment":[{"href":"https:\/\/tamtamdesbaronnies.com\/wordpress\/wp-json\/wp\/v2\/media?parent=812"}],"wp:term":[{"taxonomy":"category","embeddable":true,"href":"https:\/\/tamtamdesbaronnies.com\/wordpress\/wp-json\/wp\/v2\/categories?post=812"},{"taxonomy":"post_tag","embeddable":true,"href":"https:\/\/tamtamdesbaronnies.com\/wordpress\/wp-json\/wp\/v2\/tags?post=812"}],"curies":[{"name":"wp","href":"https:\/\/api.w.org\/{rel}","templated":true}]}}