{"id":809,"date":"2011-12-03T16:48:43","date_gmt":"2011-12-03T15:48:43","guid":{"rendered":"http:\/\/tamtamdesbaronnies.blog.lemonde.fr\/?p=405"},"modified":"2011-12-03T16:48:43","modified_gmt":"2011-12-03T15:48:43","slug":"telethon-mouvemente-a-mollans-4-vehicules-carbonises-au-buis","status":"publish","type":"post","link":"https:\/\/tamtamdesbaronnies.com\/wordpress\/2011\/12\/03\/telethon-mouvemente-a-mollans-4-vehicules-carbonises-au-buis\/","title":{"rendered":"T\u00e9l\u00e9thon mouvement\u00e9 \u00e0 Mollans : 4 v\u00e9hicules carbonis\u00e9s au Buis"},"content":{"rendered":"<figure id=\"attachment_411\" aria-describedby=\"caption-attachment-411\" style=\"width: 500px\" class=\"wp-caption aligncenter\"><a href=\"http:\/\/tamtamdesbaronnies.blog.lemonde.fr\/files\/2011\/12\/Voitures011.jpg\"><img loading=\"lazy\" decoding=\"async\" class=\"size-full wp-image-411\" title=\"Voitures01\" src=\"http:\/\/tamtamdesbaronnies.blog.lemonde.fr\/files\/2011\/12\/Voitures011.jpg\" alt=\"\" width=\"500\" height=\"296\" \/><\/a><figcaption id=\"caption-attachment-411\" class=\"wp-caption-text\">Samedi matin sur le parking de la place du 19 mars, la carcasse des 4 v\u00e9hicules carbonis\u00e9s<\/figcaption><\/figure>\n<p><strong>De s\u00e9rieux incidents ont marqu\u00e9 dans la nuit de vendredi \u00e0 samedi les \u00ab 24 heures du T\u00e9l\u00e9thon de Mollans \u00bb qui mobilisent chaque ann\u00e9e depuis 17 ans le village et toutes les communes environnantes en faveur de l\u2019AFM.<\/strong><\/p>\n<p>Samedi 3 d\u00e9cembre vers 3 heures du matin, alors que la soir\u00e9e dansante anim\u00e9e par le groupe \u00ab Rock en Stock \u00bb se terminait dans la salle St Marcel qui jouxte le stade de Mollans sur Ouv\u00e8ze, plusieurs individus circulant dans un v\u00e9hicule Fiat Bravo se sont lanc\u00e9s dans un gymkhana endommageant s\u00e9rieusement la pelouse du terrain de football.<\/p>\n<p>Ayant appel\u00e9 la gendarmerie et souhaitant immobiliser le v\u00e9hicule, plusieurs mollanais fermaient alors la barri\u00e8re d\u2019acc\u00e8s au stade que le v\u00e9hicule enfon\u00e7ait avant de prendre la direction de Buis les Baronnies sur les jantes. Apr\u00e8s avoir \u00e9t\u00e9 gar\u00e9e sur le parking du cin\u00e9ma sur la place du 19 mars, la Fiat Bravo \u00e9tait volontairement incendi\u00e9e par ses occupants souhaitant sans doute ainsi \u00e9limin\u00e9 toutes traces et possibilit\u00e9s d\u2019identification.<\/p>\n<p>Malgr\u00e9 l\u2019intervention imm\u00e9diate des gendarmes de la brigade de Buis, le feu devait se propager \u00e0 3 autres v\u00e9hicules proches : Un espace, une Peugeot berlingot et une Citro\u00ebn C3. L\u2019enqu\u00eate de la gendarmerie se poursuivait hier dimanche et, les auteurs de ces incidents ayant \u00e9t\u00e9 identifi\u00e9s, on s\u2019attend \u00e0 d\u2019imminentes interpellations.<\/p>\n<p><strong>Alain Bosmans<\/strong><br \/>\nArticle paru dans le Dauphin\u00e9 Lib\u00e9r\u00e9 du dimanche 4 d\u00e9cembre 2011<\/p>\n<figure id=\"attachment_407\" aria-describedby=\"caption-attachment-407\" style=\"width: 500px\" class=\"wp-caption aligncenter\"><a href=\"http:\/\/tamtamdesbaronnies.com\/wordpress\/wp-content\/uploads\/2011\/12\/51073-voitures03.jpg\"><img loading=\"lazy\" decoding=\"async\" class=\"size-full wp-image-407\" title=\"Voitures03\" src=\"http:\/\/tamtamdesbaronnies.com\/wordpress\/wp-content\/uploads\/2011\/12\/51073-voitures03.jpg\" alt=\"\" width=\"500\" height=\"192\" \/><\/a><figcaption id=\"caption-attachment-407\" class=\"wp-caption-text\">Le feu s\u2019est propag\u00e9 de la Fiat Bravo (\u00e0 droite) aux trois autres v\u00e9hicules<\/figcaption><\/figure>\n","protected":false},"excerpt":{"rendered":"<p>De s\u00e9rieux incidents ont marqu\u00e9 dans la nuit de vendredi \u00e0 samedi les \u00ab 24 heures du T\u00e9l\u00e9thon de Mollans \u00bb qui mobilisent chaque ann\u00e9e depuis 17 ans le village et toutes les communes environnantes en faveur de l\u2019AFM. Samedi 3 d\u00e9cembre vers 3 heures du matin, alors que la soir\u00e9e dansante anim\u00e9e par le &hellip; <a href=\"https:\/\/tamtamdesbaronnies.com\/wordpress\/2011\/12\/03\/telethon-mouvemente-a-mollans-4-vehicules-carbonises-au-buis\/\" class=\"more-link\">Continuer la lecture<span class=\"screen-reader-text\"> de &laquo;&nbsp;T\u00e9l\u00e9thon mouvement\u00e9 \u00e0 Mollans : 4 v\u00e9hicules carbonis\u00e9s au Buis&nbsp;&raquo;<\/span><\/a><\/p>\n","protected":false},"author":2,"featured_media":0,"comment_status":"open","ping_status":"closed","sticky":false,"template":"","format":"standard","meta":{"spay_email":"","footnotes":""},"categories":[6,13],"tags":[],"class_list":["post-809","post","type-post","status-publish","format-standard","hentry","category-actualite-des-baronnies","category-faits-divers"],"jetpack_featured_media_url":"","_links":{"self":[{"href":"https:\/\/tamtamdesbaronnies.com\/wordpress\/wp-json\/wp\/v2\/posts\/809","targetHints":{"allow":["GET"]}}],"collection":[{"href":"https:\/\/tamtamdesbaronnies.com\/wordpress\/wp-json\/wp\/v2\/posts"}],"about":[{"href":"https:\/\/tamtamdesbaronnies.com\/wordpress\/wp-json\/wp\/v2\/types\/post"}],"author":[{"embeddable":true,"href":"https:\/\/tamtamdesbaronnies.com\/wordpress\/wp-json\/wp\/v2\/users\/2"}],"replies":[{"embeddable":true,"href":"https:\/\/tamtamdesbaronnies.com\/wordpress\/wp-json\/wp\/v2\/comments?post=809"}],"version-history":[{"count":0,"href":"https:\/\/tamtamdesbaronnies.com\/wordpress\/wp-json\/wp\/v2\/posts\/809\/revisions"}],"wp:attachment":[{"href":"https:\/\/tamtamdesbaronnies.com\/wordpress\/wp-json\/wp\/v2\/media?parent=809"}],"wp:term":[{"taxonomy":"category","embeddable":true,"href":"https:\/\/tamtamdesbaronnies.com\/wordpress\/wp-json\/wp\/v2\/categories?post=809"},{"taxonomy":"post_tag","embeddable":true,"href":"https:\/\/tamtamdesbaronnies.com\/wordpress\/wp-json\/wp\/v2\/tags?post=809"}],"curies":[{"name":"wp","href":"https:\/\/api.w.org\/{rel}","templated":true}]}}