{"id":789,"date":"2011-07-19T10:40:38","date_gmt":"2011-07-19T09:40:38","guid":{"rendered":"http:\/\/tamtamdesbaronnies.blog.lemonde.fr\/?p=137"},"modified":"2011-07-19T10:40:38","modified_gmt":"2011-07-19T09:40:38","slug":"lavande-maintenir-une-production-emblematique","status":"publish","type":"post","link":"https:\/\/tamtamdesbaronnies.com\/wordpress\/2011\/07\/19\/lavande-maintenir-une-production-emblematique\/","title":{"rendered":"Lavande : Maintenir une production embl\u00e9matique"},"content":{"rendered":"<p><a href=\"http:\/\/tamtamdesbaronnies.blog.lemonde.fr\/files\/2011\/07\/PidaLavande3.jpg\"><img loading=\"lazy\" decoding=\"async\" src=\"http:\/\/tamtamdesbaronnies.blog.lemonde.fr\/files\/2011\/07\/PidaLavande3.jpg\" alt=\"\" title=\"PidaLavande3\" width=\"500\" height=\"375\" class=\"aligncenter size-full wp-image-138\" \/><\/a><br \/>\nR\u00e9pondant \u00e0 l\u2019invitation de Michel Gr\u00e9goire vice pr\u00e9sident du conseil r\u00e9gional Rh\u00f4ne Alpes d\u00e9l\u00e9gu\u00e9 \u00e0 l\u2019agriculture, un ar\u00e9opage de personnalit\u00e9s se retrouvait lundi dernier 11 juillet en bordure d\u2019un champ de lavande de la ferme exp\u00e9rimentale de l\u2019ARDEMA \u00e0 M\u00e9vouillon pour y pr\u00e9senter le PIDA Lavande (Programme Int\u00e9gr\u00e9 de D\u00e9veloppement Agricole) adopt\u00e9 par la r\u00e9gion en juillet 2010 pour une dur\u00e9e de quatre ans.<\/p>\n<p>Parmi les personnalit\u00e9s pr\u00e9sentes on reconnait Gilles Pelurson directeur r\u00e9gional de la DRAF, le sous pr\u00e9fet de Nyons Denis Gaudin, les conseillers r\u00e9gionaux Michel Gr\u00e9goire et Christiane Puthaud, les conseillers g\u00e9n\u00e9raux Pierre Combes, Paul Arnoux et Marie Claire Cartag\u00e9na, Claude Aurias et Damien Colin respectivement pr\u00e9sident et directeur de la chambre d\u2019agriculture de la Dr\u00f4me ainsi que la plupart des responsables de la fili\u00e8re lavandicole du d\u00e9partement.<\/p>\n<p>Depuis les ann\u00e9es 2003-2005, la production de lavande et lavandin en Rh\u00f4ne-Alpes est confront\u00e9e \u00e0 des difficult\u00e9s importantes susceptibles de remettre en cause son existence m\u00eame, avec les cons\u00e9quences que cela pourrait avoir sur le d\u00e9veloppement \u00e9conomique et humain de la zone concern\u00e9e. Le ph\u00e9nom\u00e8ne du d\u00e9p\u00e9rissement de la lavande, responsable de la mortalit\u00e9 de plants, touche aujourd\u2019hui toutes les zones de production du d\u00e9partement. Aussi, en 2005, \u00e0 la demande des professionnels, la chambre d&rsquo;agriculture de la Dr\u00f4me a \u00e9labor\u00e9 un programme de d\u00e9veloppement de la production de la lavande dans les Pr\u00e9alpes s\u00e8ches dr\u00f4moises.<\/p>\n<p>Ces propositions ont \u00e9t\u00e9 soumises aux financeurs que sont la R\u00e9gion et le D\u00e9partement, aboutissant \u00e0 la mise en place de deux programmes. L\u2019un est le plan de reconstitution du patrimoine lavandicole dr\u00f4mois, qui a d\u00e9but\u00e9 en 2007 avec un financement du D\u00e9partement, l\u2019autre est le PIDA lavande qui \u00e9tait pr\u00e9sent\u00e9 officiellement lundi \u00e0 M\u00e9vouillon.<\/p>\n<p><strong>Une fili\u00e8re confront\u00e9e \u00e0 des d\u00e9fis<\/strong><\/p>\n<p>Le dispositif PIDA Lavande r\u00e9pond \u00e0 3 enjeux majeurs pour 2010-2013 : le maintien des exploitations lavandicoles et donc de la population en zone de d\u00e9prise agricole, le maintien de la production et de la comp\u00e9titivit\u00e9 pour conserver un leadership mondial et le d\u00e9veloppement de l&rsquo;image d&rsquo;une production \u00ab Origine Provence \u00bb, faiblement consommatrice d&rsquo;intrants.<\/p>\n<p>Le plan vise notamment \u00e0 d\u00e9velopper les surfaces plant\u00e9es de lavande et lavandin par l\u2019aide \u00e0 l\u2019achat de plants sains. A encourager la cr\u00e9ation ou l\u2019agrandissement de p\u00e9pini\u00e8res pour l\u2019autoproduction de plants sains avec un suivi technique adapt\u00e9. A encourager la mise en \u0153uvre de mesures pr\u00e9ventives de lutte contre le d\u00e9p\u00e9rissement. A utiliser des techniques de mise en place des parcelles favorisant leur implantation et leur r\u00e9sistance aux ravageurs et pathog\u00e8nes.<\/p>\n<p><strong>Alain BOSMANS<\/strong><br \/>\nArticle paru dans le Dauphin\u00e9 Lib\u00e9r\u00e9 du 17 juillet 2011<\/p>\n<p><strong>Rep\u00e8res<\/strong><\/p>\n<p>La production lavandicole sous forme d&rsquo;huile essentielle ou de fleurs et bouquets concerne<br \/>\n\u2022\t2 500 producteurs en France<br \/>\n\t900 producteurs en r\u00e9gion Rh\u00f4ne &#8211; Alpes dont 850 dans le d\u00e9partement de la Dr\u00f4me<br \/>\n\t3500 ha de superficie de lavande (en baisse depuis 2005), produisant 32 tonnes d\u2019huile essentielles de lavande.<br \/>\n\t15 000 ha de superficie de lavandin (avec un fort rajeunissement depuis 3 ans), produisant 1000 \u00e0 1200 tonnes d\u2019huiles essentielles de lavandin.<br \/>\n\u2022\t40 distilleries pour la premi\u00e8re transformation en Rh\u00f4ne-Alpes.<br \/>\n\u2022\tle tourisme et l&rsquo;\u00e9conomie de la zone de production g\u00e9n\u00e8re une activit\u00e9 \u00e9conomique importante au regard du chiffre d&rsquo;affaires de la production.<\/p>\n","protected":false},"excerpt":{"rendered":"<p>R\u00e9pondant \u00e0 l\u2019invitation de Michel Gr\u00e9goire vice pr\u00e9sident du conseil r\u00e9gional Rh\u00f4ne Alpes d\u00e9l\u00e9gu\u00e9 \u00e0 l\u2019agriculture, un ar\u00e9opage de personnalit\u00e9s se retrouvait lundi dernier 11 juillet en bordure d\u2019un champ de lavande de la ferme exp\u00e9rimentale de l\u2019ARDEMA \u00e0 M\u00e9vouillon pour y pr\u00e9senter le PIDA Lavande (Programme Int\u00e9gr\u00e9 de D\u00e9veloppement Agricole) adopt\u00e9 par la r\u00e9gion &hellip; <a href=\"https:\/\/tamtamdesbaronnies.com\/wordpress\/2011\/07\/19\/lavande-maintenir-une-production-emblematique\/\" class=\"more-link\">Continuer la lecture<span class=\"screen-reader-text\"> de &laquo;&nbsp;Lavande : Maintenir une production embl\u00e9matique&nbsp;&raquo;<\/span><\/a><\/p>\n","protected":false},"author":2,"featured_media":0,"comment_status":"open","ping_status":"closed","sticky":false,"template":"","format":"standard","meta":{"spay_email":"","footnotes":""},"categories":[12],"tags":[],"class_list":["post-789","post","type-post","status-publish","format-standard","hentry","category-agriculture-des-baronnies"],"jetpack_featured_media_url":"","_links":{"self":[{"href":"https:\/\/tamtamdesbaronnies.com\/wordpress\/wp-json\/wp\/v2\/posts\/789","targetHints":{"allow":["GET"]}}],"collection":[{"href":"https:\/\/tamtamdesbaronnies.com\/wordpress\/wp-json\/wp\/v2\/posts"}],"about":[{"href":"https:\/\/tamtamdesbaronnies.com\/wordpress\/wp-json\/wp\/v2\/types\/post"}],"author":[{"embeddable":true,"href":"https:\/\/tamtamdesbaronnies.com\/wordpress\/wp-json\/wp\/v2\/users\/2"}],"replies":[{"embeddable":true,"href":"https:\/\/tamtamdesbaronnies.com\/wordpress\/wp-json\/wp\/v2\/comments?post=789"}],"version-history":[{"count":0,"href":"https:\/\/tamtamdesbaronnies.com\/wordpress\/wp-json\/wp\/v2\/posts\/789\/revisions"}],"wp:attachment":[{"href":"https:\/\/tamtamdesbaronnies.com\/wordpress\/wp-json\/wp\/v2\/media?parent=789"}],"wp:term":[{"taxonomy":"category","embeddable":true,"href":"https:\/\/tamtamdesbaronnies.com\/wordpress\/wp-json\/wp\/v2\/categories?post=789"},{"taxonomy":"post_tag","embeddable":true,"href":"https:\/\/tamtamdesbaronnies.com\/wordpress\/wp-json\/wp\/v2\/tags?post=789"}],"curies":[{"name":"wp","href":"https:\/\/api.w.org\/{rel}","templated":true}]}}