{"id":787,"date":"2011-07-05T10:13:05","date_gmt":"2011-07-05T09:13:05","guid":{"rendered":"http:\/\/tamtamdesbaronnies.blog.lemonde.fr\/?p=113"},"modified":"2011-07-05T10:13:05","modified_gmt":"2011-07-05T09:13:05","slug":"un-depart-de-maitres","status":"publish","type":"post","link":"https:\/\/tamtamdesbaronnies.com\/wordpress\/2011\/07\/05\/un-depart-de-maitres\/","title":{"rendered":"Un d\u00e9part de ma\u00eetres"},"content":{"rendered":"<p><a href=\"http:\/\/tamtamdesbaronnies.blog.lemonde.fr\/files\/2011\/07\/D\u00e9partEcole1.jpg\"><img loading=\"lazy\" decoding=\"async\" class=\"aligncenter size-full wp-image-114\" title=\"D\u00e9partEcole1\" src=\"http:\/\/tamtamdesbaronnies.blog.lemonde.fr\/files\/2011\/07\/D\u00e9partEcole1.jpg\" alt=\"\" width=\"347\" height=\"291\" \/><\/a>C\u2019est pr\u00e8s d\u2019une centaine de personnes qui vendredi dernier premier juillet en fin d\u2019apr\u00e8s midi \u00e9taient pr\u00e9sentes \u00e0 la r\u00e9ception organis\u00e9e en ce dernier jour de classe dans la cour de l\u2019\u00e9cole primaire pour marquer le d\u00e9part de 3 enseignants de l\u2019\u00e9tablissement intercommunal. On y notait la pr\u00e9sence du maire Jean Pierre Buix accompagn\u00e9 de son homologue de la commune allemande jumelle de Gomadingen Klemens Betz, du pr\u00e9sident du SIVOS Louis Aicardi et de tr\u00e8s nombreux enseignants, responsables associatifs et partenaires scolaires.<\/p>\n<p>M\u00ealant l\u2019humour, l\u2019\u00e9motion et la sinc\u00e9rit\u00e9, le directeur de l\u2019\u00e9cole primaire Gilles Maigron rendait hommage aux 3 partants : Alexandra Poyet qui aura pass\u00e9 2 ann\u00e9es \u00e0 l\u2019\u00e9cole de Buis comme aide administrative et intervenante informatique. Flavienne Rocaze qui \u00e0 44 ans, prend une retraite pr\u00e9matur\u00e9e apr\u00e8s 27 ans d\u2019enseignements en \u00e9cole maternelle et primaire dont les 16 derni\u00e8res ann\u00e9es \u00e0 l\u2019\u00e9cole de Buis. Enfin le tr\u00e8s populaire Jos\u00e9-Manuel Pereira, enseignant lorrain d\u2019origine portugaise devenu buxois de c\u0153ur qui, lui aussi, \u00e0 58 ans f\u00eatait vendredi dernier son dernier jour d\u2019\u00e9cole\u2026 (voir le portrait dessous).<\/p>\n<p><img loading=\"lazy\" decoding=\"async\" class=\"aligncenter size-full wp-image-115\" title=\"Jos\u00e9Peirera\" src=\"http:\/\/tamtamdesbaronnies.blog.lemonde.fr\/files\/2011\/07\/Jos\u00e9Peirera.jpg\" alt=\"\" width=\"256\" height=\"318\" \/><\/p>\n<p style=\"text-align:center;\"><strong>Jos\u00e9-Manuel Pereira : 36 ans au service des enfants<\/strong><\/p>\n<p>D\u2019origine portugaise, n\u00e9 en 1954 \u00e0 Braga au nord du Portugal d\u2019une m\u00e8re institutrice, Jos\u00e9-Manuel Pereira arrive en France \u00e0 l\u2019\u00e2ge de 4 ans lorsque ses parents s\u2019installent en Lorraine, \u00e0 Nancy o\u00f9 il fera ses \u00e9tudes pour devenir enseignant. Il d\u00e9bute sa vie professionnelle dans l\u2019enseignement sp\u00e9cialis\u00e9 \u00e0 l\u2019Institut M\u00e9dico Professionnel de Morhange (57) pendant 6 ans. Puis ce sera 22 ans comme instituteur en \u00e9cole communale \u00e0 Vic sur Seille toujours en Moselle et encore 5 ans \u00e0 Metz.<\/p>\n<p>Mari\u00e9, p\u00e8re de 4 filles respectivement \u00e2g\u00e9es aujourd\u2019hui de 33, 30, 26 et 11 ans, il souhaite en 2003 se rapprocher du soleil et obtient sa mutation \u00e0 Buis les Baronnies o\u00f9 il ne tarde pas \u00e0 s\u2019int\u00e9grer au sein de l\u2019\u00e9quipe p\u00e9dagogique mais aussi de la vie associative buxoise. Sa bonne humeur, sa disponibilit\u00e9, son extr\u00eame convivialit\u00e9 et ses multiples talents l\u2019am\u00e8nent \u00e0 participer rapidement \u00e0 de nombreuses associations et \u00e9v\u00e9nements buxois : Citons notamment Les Amis du Cin\u00e9ma, le comit\u00e9 de jumelage avec Gomadingen, la Buiscyclette, les voyages scolaires en Allemagne, les cours de fran\u00e7ais langue \u00e9trang\u00e8re \u00e0 l\u2019h\u00f4pital, les cours d\u2019alphab\u00e9tisation de l\u2019AFB, \u2026<\/p>\n<p>Passionn\u00e9 de photo, de moto et de voyages (surtout au Br\u00e9sil), Jos\u00e9-Manuel compte bien prendre \u00e0 Buis avec sa famille une retraite tr\u00e8s active en commen\u00e7ant par r\u00e9aliser un projet de construction d\u2019une maison originale en bois o\u00f9 il cultivera l\u2019art d\u2019\u00eatre grand p\u00e8re.<\/p>\n<p><strong>Alain BOSMANS<\/strong><br \/>\nArticle paru dans le Dauphin\u00e9 Lib\u00e9r\u00e9 du 04\/07\/2011<\/p>\n","protected":false},"excerpt":{"rendered":"<p>C\u2019est pr\u00e8s d\u2019une centaine de personnes qui vendredi dernier premier juillet en fin d\u2019apr\u00e8s midi \u00e9taient pr\u00e9sentes \u00e0 la r\u00e9ception organis\u00e9e en ce dernier jour de classe dans la cour de l\u2019\u00e9cole primaire pour marquer le d\u00e9part de 3 enseignants de l\u2019\u00e9tablissement intercommunal. On y notait la pr\u00e9sence du maire Jean Pierre Buix accompagn\u00e9 de &hellip; <a href=\"https:\/\/tamtamdesbaronnies.com\/wordpress\/2011\/07\/05\/un-depart-de-maitres\/\" class=\"more-link\">Continuer la lecture<span class=\"screen-reader-text\"> de &laquo;&nbsp;Un d\u00e9part de ma\u00eetres&nbsp;&raquo;<\/span><\/a><\/p>\n","protected":false},"author":2,"featured_media":0,"comment_status":"open","ping_status":"closed","sticky":false,"template":"","format":"standard","meta":{"spay_email":"","footnotes":""},"categories":[11,5],"tags":[],"class_list":["post-787","post","type-post","status-publish","format-standard","hentry","category-education","category-portraits"],"jetpack_featured_media_url":"","_links":{"self":[{"href":"https:\/\/tamtamdesbaronnies.com\/wordpress\/wp-json\/wp\/v2\/posts\/787","targetHints":{"allow":["GET"]}}],"collection":[{"href":"https:\/\/tamtamdesbaronnies.com\/wordpress\/wp-json\/wp\/v2\/posts"}],"about":[{"href":"https:\/\/tamtamdesbaronnies.com\/wordpress\/wp-json\/wp\/v2\/types\/post"}],"author":[{"embeddable":true,"href":"https:\/\/tamtamdesbaronnies.com\/wordpress\/wp-json\/wp\/v2\/users\/2"}],"replies":[{"embeddable":true,"href":"https:\/\/tamtamdesbaronnies.com\/wordpress\/wp-json\/wp\/v2\/comments?post=787"}],"version-history":[{"count":0,"href":"https:\/\/tamtamdesbaronnies.com\/wordpress\/wp-json\/wp\/v2\/posts\/787\/revisions"}],"wp:attachment":[{"href":"https:\/\/tamtamdesbaronnies.com\/wordpress\/wp-json\/wp\/v2\/media?parent=787"}],"wp:term":[{"taxonomy":"category","embeddable":true,"href":"https:\/\/tamtamdesbaronnies.com\/wordpress\/wp-json\/wp\/v2\/categories?post=787"},{"taxonomy":"post_tag","embeddable":true,"href":"https:\/\/tamtamdesbaronnies.com\/wordpress\/wp-json\/wp\/v2\/tags?post=787"}],"curies":[{"name":"wp","href":"https:\/\/api.w.org\/{rel}","templated":true}]}}