{"id":782,"date":"2011-05-31T15:30:13","date_gmt":"2011-05-31T14:30:13","guid":{"rendered":"http:\/\/tamtamdesbaronnies.blog.lemonde.fr\/?p=80"},"modified":"2011-05-31T15:30:13","modified_gmt":"2011-05-31T14:30:13","slug":"paulette-reynier-57-ans-au-service-de-la-croix-rouge","status":"publish","type":"post","link":"https:\/\/tamtamdesbaronnies.com\/wordpress\/2011\/05\/31\/paulette-reynier-57-ans-au-service-de-la-croix-rouge\/","title":{"rendered":"Paulette Reynier : 57 ans au service de la Croix Rouge"},"content":{"rendered":"<figure id=\"attachment_83\" aria-describedby=\"caption-attachment-83\" style=\"width: 300px\" class=\"wp-caption aligncenter\"><a href=\"http:\/\/tamtamdesbaronnies.blog.lemonde.fr\/files\/2011\/05\/PauletteReynier11.jpg\"><img loading=\"lazy\" decoding=\"async\" class=\"size-medium wp-image-83\" title=\"PauletteReynier1\" src=\"http:\/\/tamtamdesbaronnies.blog.lemonde.fr\/files\/2011\/05\/PauletteReynier11-300x246.jpg\" alt=\"\" width=\"300\" height=\"246\" \/><\/a><figcaption id=\"caption-attachment-83\" class=\"wp-caption-text\">Paulette Reynier entour\u00e9 du maire Jean Pierre Buix et de son \u00e9poux Louis <\/figcaption><\/figure>\n<p>N\u00e9e en 1938, Paulette Reynier est membre de la Croix Rouge Fran\u00e7aise depuis 1954. Pour\u00a0 les 57 ann\u00e9es ininterrompues \u00e0 son service, la Croix Rouge organisait mercredi soir dans les jardins de la mairie une \u00e9mouvante c\u00e9r\u00e9monie de remise de m\u00e9daille. En pr\u00e9sence du maire Jean Pierre Buix, de ses tr\u00e8s nombreux amis et de tous les b\u00e9n\u00e9voles du groupement de la Croix Rouge de Buis, le pr\u00e9sident local Jo Pratesi et la pr\u00e9sidente d\u00e9partementale Anne Roche rappelaient l\u2019admirable parcours de Paulette au sein de cet organisme.<\/p>\n<div>A Martigues, d\u00e8s l\u2019\u00e2ge de 16 ans, elle devient secouriste puis moniteur \u00e0 20 ans. En 1956, elle participe activement aux secours lors de la rupture du barrage de Malpasset. Pendant de longues ann\u00e9es, elle animera avec son \u00e9poux Louis Reynier (Loulou pour tout le  monde) les colonies de vacance de la Croix Rouge. Tous deux originaires des  Baronnies, Paulette et Louis y reviennent prendre leur retraite, au Buis en  1989, apr\u00e8s une carri\u00e8re professionnelle itin\u00e9rante \u00e0 EDF. Paulette se consacrera alors aussit\u00f4t \u00e0 de multiples missions de solidarit\u00e9, prenant notamment la pr\u00e9sidence de la d\u00e9l\u00e9gation de la Croix Rouge locale \u00e0 la suite de Charles Moga.<\/div>\n<div><strong>Une irrempla\u00e7able animatrice<\/strong><\/div>\n<div>Elle y mettra en place des \u00e9quipes de b\u00e9n\u00e9voles qui visitent les malades et personnes isol\u00e9es \u00e0 l\u2019h\u00f4pital, collectent et distribuent v\u00eatements et \u00e9quipements aux personnes n\u00e9cessiteuses et coordonnent les collectes nationales en cas de sinistre. On se souvient  encore du travail consid\u00e9rable d\u2019assistance aux sinistr\u00e9s de Vaison la Romaine accomplit  par Paulette et son \u00e9quipe en 1992. Depuis et pendant toutes ces ann\u00e9es, Paulette aura manifest\u00e9 \u00e0 Buis, en dehors de ses misions \u00e0 la Croix Rouge, un exceptionnel esprit de solidarit\u00e9, mettant sons sens de  l\u2019organisation et son incroyable facult\u00e9 \u00e0 mobiliser les bonnes volont\u00e9s au service de tous. C\u2019est ainsi qu\u2019elle sera devenue conciliatrice de justice pour les cantons de Buis et S\u00e9deron, vice pr\u00e9sidente l\u2019Office de Tourisme et depuis 22 ans l\u2019irrempla\u00e7able animatrice du comit\u00e9 des F\u00eates, des comit\u00e9s de jumelage, et de tant d\u2019associations et de manifestations buxoises.<\/div>\n<div>Lui rendant hommage mercredi, le maire Jean Pierre Buix devait souligner <em>\u00ab\u00a0l\u2019estime,  le respect, l\u2019affection et l\u2019admiration qu\u2019il portait \u00e0 celle qui, toute sa vie aura tant donn\u00e9 aux autres avec efficacit\u00e9, humilit\u00e9 et\u00a0 discr\u00e9tion\u2026\u00a0\u00bb<\/em><\/div>\n<div>Alain Bosmans<br \/>\nArticle paru dans le Dauphin\u00e9 Lib\u00e9r\u00e9 du 28 mai 2011<\/div>\n","protected":false},"excerpt":{"rendered":"<p>N\u00e9e en 1938, Paulette Reynier est membre de la Croix Rouge Fran\u00e7aise depuis 1954. Pour\u00a0 les 57 ann\u00e9es ininterrompues \u00e0 son service, la Croix Rouge organisait mercredi soir dans les jardins de la mairie une \u00e9mouvante c\u00e9r\u00e9monie de remise de m\u00e9daille. En pr\u00e9sence du maire Jean Pierre Buix, de ses tr\u00e8s nombreux amis et de &hellip; <a href=\"https:\/\/tamtamdesbaronnies.com\/wordpress\/2011\/05\/31\/paulette-reynier-57-ans-au-service-de-la-croix-rouge\/\" class=\"more-link\">Continuer la lecture<span class=\"screen-reader-text\"> de &laquo;&nbsp;Paulette Reynier : 57 ans au service de la Croix Rouge&nbsp;&raquo;<\/span><\/a><\/p>\n","protected":false},"author":2,"featured_media":0,"comment_status":"open","ping_status":"closed","sticky":false,"template":"","format":"standard","meta":{"spay_email":"","footnotes":""},"categories":[5],"tags":[],"class_list":["post-782","post","type-post","status-publish","format-standard","hentry","category-portraits"],"jetpack_featured_media_url":"","_links":{"self":[{"href":"https:\/\/tamtamdesbaronnies.com\/wordpress\/wp-json\/wp\/v2\/posts\/782","targetHints":{"allow":["GET"]}}],"collection":[{"href":"https:\/\/tamtamdesbaronnies.com\/wordpress\/wp-json\/wp\/v2\/posts"}],"about":[{"href":"https:\/\/tamtamdesbaronnies.com\/wordpress\/wp-json\/wp\/v2\/types\/post"}],"author":[{"embeddable":true,"href":"https:\/\/tamtamdesbaronnies.com\/wordpress\/wp-json\/wp\/v2\/users\/2"}],"replies":[{"embeddable":true,"href":"https:\/\/tamtamdesbaronnies.com\/wordpress\/wp-json\/wp\/v2\/comments?post=782"}],"version-history":[{"count":0,"href":"https:\/\/tamtamdesbaronnies.com\/wordpress\/wp-json\/wp\/v2\/posts\/782\/revisions"}],"wp:attachment":[{"href":"https:\/\/tamtamdesbaronnies.com\/wordpress\/wp-json\/wp\/v2\/media?parent=782"}],"wp:term":[{"taxonomy":"category","embeddable":true,"href":"https:\/\/tamtamdesbaronnies.com\/wordpress\/wp-json\/wp\/v2\/categories?post=782"},{"taxonomy":"post_tag","embeddable":true,"href":"https:\/\/tamtamdesbaronnies.com\/wordpress\/wp-json\/wp\/v2\/tags?post=782"}],"curies":[{"name":"wp","href":"https:\/\/api.w.org\/{rel}","templated":true}]}}