{"id":773,"date":"2011-04-05T15:21:17","date_gmt":"2011-04-05T14:21:17","guid":{"rendered":"http:\/\/tamtamdesbaronnies.blog.lemonde.fr\/2011\/04\/05\/marie-claire-cartagena-conseillere-generale-du-canton-de-buis\/"},"modified":"2011-04-05T15:21:17","modified_gmt":"2011-04-05T14:21:17","slug":"marie-claire-cartagena-conseillere-generale-du-canton-de-buis","status":"publish","type":"post","link":"https:\/\/tamtamdesbaronnies.com\/wordpress\/2011\/04\/05\/marie-claire-cartagena-conseillere-generale-du-canton-de-buis\/","title":{"rendered":"Marie Claire Cartagena conseill\u00e8re g\u00e9n\u00e9rale du canton de Buis"},"content":{"rendered":"<p>\u00a0<img loading=\"lazy\" decoding=\"async\" width=\"96\" src=\"http:\/\/tamtamdesbaronnies.blog.lemonde.fr\/files\/2011\/04\/marieclairecartagena-reduit.1302013198.thumbnail.jpg\" alt=\"marieclairecartagena-reduit.1302013198.jpg\" height=\"96\" \/>Marie Claire Cartagena est devenue jeudi dernier 31 mars conseill\u00e8re g\u00e9n\u00e9rale du d\u00e9partement de la Dr\u00f4me, repr\u00e9sentant le canton de Buis les Baronnies, en remplacement de Michel Gr\u00e9goire d\u00e9missionnaire, dont elle \u00e9tait la suppl\u00e9ante.<\/p>\n<p><b>Buxoise depuis 1984<\/b><\/p>\n<p>Native de St Etienne, issue d&rsquo;une famille de mineur, Marie Claire Cartagena y fait ses \u00e9tudes et obtient son bac avant d&rsquo;entamer tr\u00e8s t\u00f4t une vie professionnelle dans le secr\u00e9tariat. Tout d&rsquo;abord dans une agence immobili\u00e8re de St Etienne, puis comme employ\u00e9e \u00e0 la Caisse de Retraite de l&rsquo;Assurance Maladie (CRAM) de Montpellier, o\u00f9 elle rencontre son \u00e9poux Andr\u00e9 et o\u00f9 le couple restera 18 ans. Souhaitant se rapprocher des parents de Marie Claire qui poss\u00e8de \u00e0 Buis une r\u00e9sidence et o\u00f9 son p\u00e8re est devenu garde champ\u00eatre, le couple s&rsquo;installe dans les Baronnies en 1984 en rachetant le \u00ab\u00a0Bar de l&rsquo;\u00e9toile\u00a0\u00bb qu&rsquo;ils tiendront ensemble jusqu&rsquo;en 1990. Marie Claire reprend alors son m\u00e9tier de secr\u00e9taire en entrant au SAB (Syndicat d&rsquo;Am\u00e9nagement des Baronnies) puis \u00e0 la communaut\u00e9 de communes du pays de Buis o\u00f9 d\u00e9bute sa collaboration avec Michel Gr\u00e9goire.<\/p>\n<p><b>Portrait d&rsquo;une militante<\/b><\/p>\n<p>Militante socialiste avec son \u00e9poux depuis les ann\u00e9es 80, Marie Claire ne cessera de participer activement aux diff\u00e9rentes campagnes locales et nationales du P.S., C&rsquo;est donc tout naturellement qu&rsquo;en 2008 Michel Gr\u00e9goire la sollicite pour devenir sa suppl\u00e9ante aux \u00e9lections cantonales qu&rsquo;ils remportent largement et qui lui vaut aujourd&rsquo;hui de prendre sa place au Conseil G\u00e9n\u00e9ral pour repr\u00e9senter le canton de Buis jusqu&rsquo;\u00e0 la fin de son mandat.<\/p>\n<p>Install\u00e9e \u00e0 Mollans depuis 5 ans, ayant pris sa retraite en juillet 2010, m\u00e8re de 2 gar\u00e7ons et grand-m\u00e8re de 4 petits enfants, Marie Claire a une vie de famille combl\u00e9e. Tr\u00e8s longtemps active avec son \u00e9poux dans le domaine associatif (boules, ping-pong, foot), Marie Claire est aujourd&rsquo;hui secr\u00e9taire du club de course \u00e0 pied \u00ab\u00a0Le Buis j&rsquo;aime, j&rsquo;y cours\u00a0\u00bb, sport qu&rsquo;elle pratique assidument depuis 10 ans.<\/p>\n<p>Consciente de la responsabilit\u00e9 qui lui incombe aujourd&rsquo;hui, et apr\u00e8s avoir travaill\u00e9 avec Michel Gr\u00e9goire depuis 20 ans et ayant \u00e9t\u00e9 sa suppl\u00e9ante depuis 3 ans, Marie Claire Cartagena devait d\u00e9clarer <i>\u00ab\u00a0vouloir poursuivre son action, respectant ses engagements et d\u00e9fendant au mieux les int\u00e9r\u00eats du canton et de sa population, en y consacrant tout le temps n\u00e9cessaire\u00a0\u00bb.<\/i><\/p>\n<p>Alain BOSMANS<br \/>\nArticle paru dans le Dauphin\u00e9 Lib\u00e9r\u00e9 du 2 avril 2011<\/p>\n","protected":false},"excerpt":{"rendered":"<p>\u00a0Marie Claire Cartagena est devenue jeudi dernier 31 mars conseill\u00e8re g\u00e9n\u00e9rale du d\u00e9partement de la Dr\u00f4me, repr\u00e9sentant le canton de Buis les Baronnies, en remplacement de Michel Gr\u00e9goire d\u00e9missionnaire, dont elle \u00e9tait la suppl\u00e9ante. Buxoise depuis 1984 Native de St Etienne, issue d&rsquo;une famille de mineur, Marie Claire Cartagena y fait ses \u00e9tudes et obtient &hellip; <a href=\"https:\/\/tamtamdesbaronnies.com\/wordpress\/2011\/04\/05\/marie-claire-cartagena-conseillere-generale-du-canton-de-buis\/\" class=\"more-link\">Continuer la lecture<span class=\"screen-reader-text\"> de &laquo;&nbsp;Marie Claire Cartagena conseill\u00e8re g\u00e9n\u00e9rale du canton de Buis&nbsp;&raquo;<\/span><\/a><\/p>\n","protected":false},"author":2,"featured_media":0,"comment_status":"open","ping_status":"open","sticky":false,"template":"","format":"standard","meta":{"spay_email":"","footnotes":""},"categories":[5],"tags":[],"class_list":["post-773","post","type-post","status-publish","format-standard","hentry","category-portraits"],"jetpack_featured_media_url":"","_links":{"self":[{"href":"https:\/\/tamtamdesbaronnies.com\/wordpress\/wp-json\/wp\/v2\/posts\/773","targetHints":{"allow":["GET"]}}],"collection":[{"href":"https:\/\/tamtamdesbaronnies.com\/wordpress\/wp-json\/wp\/v2\/posts"}],"about":[{"href":"https:\/\/tamtamdesbaronnies.com\/wordpress\/wp-json\/wp\/v2\/types\/post"}],"author":[{"embeddable":true,"href":"https:\/\/tamtamdesbaronnies.com\/wordpress\/wp-json\/wp\/v2\/users\/2"}],"replies":[{"embeddable":true,"href":"https:\/\/tamtamdesbaronnies.com\/wordpress\/wp-json\/wp\/v2\/comments?post=773"}],"version-history":[{"count":0,"href":"https:\/\/tamtamdesbaronnies.com\/wordpress\/wp-json\/wp\/v2\/posts\/773\/revisions"}],"wp:attachment":[{"href":"https:\/\/tamtamdesbaronnies.com\/wordpress\/wp-json\/wp\/v2\/media?parent=773"}],"wp:term":[{"taxonomy":"category","embeddable":true,"href":"https:\/\/tamtamdesbaronnies.com\/wordpress\/wp-json\/wp\/v2\/categories?post=773"},{"taxonomy":"post_tag","embeddable":true,"href":"https:\/\/tamtamdesbaronnies.com\/wordpress\/wp-json\/wp\/v2\/tags?post=773"}],"curies":[{"name":"wp","href":"https:\/\/api.w.org\/{rel}","templated":true}]}}