{"id":674,"date":"2012-08-05T11:01:49","date_gmt":"2012-08-05T10:01:49","guid":{"rendered":"http:\/\/tamtamdesbaronnies.blog.lemonde.fr\/?p=674"},"modified":"2012-08-05T11:01:49","modified_gmt":"2012-08-05T10:01:49","slug":"parfum-de-jazz-2012-demandez-le-programme","status":"publish","type":"post","link":"https:\/\/tamtamdesbaronnies.com\/wordpress\/2012\/08\/05\/parfum-de-jazz-2012-demandez-le-programme\/","title":{"rendered":"PARFUM DE JAZZ 2012 : Demandez le programme !"},"content":{"rendered":"<figure id=\"attachment_675\" aria-describedby=\"caption-attachment-675\" style=\"width: 500px\" class=\"wp-caption aligncenter\"><a href=\"http:\/\/tamtamdesbaronnies.com\/wordpress\/wp-content\/uploads\/2012\/08\/9197d-alainbrunet01.jpg\"><img loading=\"lazy\" decoding=\"async\" class=\"size-full wp-image-675\" title=\"AlainBrunet01\" src=\"http:\/\/tamtamdesbaronnies.com\/wordpress\/wp-content\/uploads\/2012\/08\/9197d-alainbrunet01.jpg\" alt=\"\" width=\"500\" height=\"335\" srcset=\"https:\/\/tamtamdesbaronnies.com\/wordpress\/wp-content\/uploads\/2012\/08\/9197d-alainbrunet01.jpg 500w, https:\/\/tamtamdesbaronnies.com\/wordpress\/wp-content\/uploads\/2012\/08\/9197d-alainbrunet01-300x201.jpg 300w\" sizes=\"auto, (max-width: 500px) 85vw, 500px\" \/><\/a><figcaption id=\"caption-attachment-675\" class=\"wp-caption-text\">Alain Brunet, trompettiste de talent, pr\u00e9sident fondateur du festival<\/figcaption><\/figure>\n<p style=\"text-align:justify;\">\u00a0<strong>Dans les coulisses les \u00e9quipes s\u2019\u00e9chauffent, les musiciens font briller leurs instruments, les b\u00e9n\u00e9voles collent les affiches et distribuent des tracts, tous sont fin pr\u00eats pour cette 14\u00e8me \u00e9dition. 60 musiciens parmi les plus talentueux du moment attendent avec impatience ces deux semaines de musique, de rencontres, de partages, forc\u00e9ment intenses au pays des senteurs.<\/strong><\/p>\n<figure id=\"attachment_676\" aria-describedby=\"caption-attachment-676\" style=\"width: 500px\" class=\"wp-caption aligncenter\"><a href=\"http:\/\/tamtamdesbaronnies.com\/wordpress\/wp-content\/uploads\/2012\/08\/2dec3-frc3a9dc3a9riquebrun01.jpg\"><img loading=\"lazy\" decoding=\"async\" class=\"size-full wp-image-676\" title=\"Fr\u00e9d\u00e9riqueBrun01\" src=\"http:\/\/tamtamdesbaronnies.com\/wordpress\/wp-content\/uploads\/2012\/08\/2dec3-frc3a9dc3a9riquebrun01.jpg\" alt=\"\" width=\"500\" height=\"295\" srcset=\"https:\/\/tamtamdesbaronnies.com\/wordpress\/wp-content\/uploads\/2012\/08\/2dec3-frc3a9dc3a9riquebrun01.jpg 500w, https:\/\/tamtamdesbaronnies.com\/wordpress\/wp-content\/uploads\/2012\/08\/2dec3-frc3a9dc3a9riquebrun01-300x177.jpg 300w\" sizes=\"auto, (max-width: 500px) 85vw, 500px\" \/><\/a><figcaption id=\"caption-attachment-676\" class=\"wp-caption-text\">Philippe Khoury (piano) et Fr\u00e9d\u00e9rique Brun (vocal) du \u00ab Vocal in Vienne \u00bb seront en concert \u00e0 l\u2019abbaye de Bouchet le 23 ao\u00fbt<\/figcaption><\/figure>\n<p style=\"text-align:justify;\"><strong>Cette ann\u00e9e encore, \u00ab Parfum de Jazz \u00bb se d\u00e9roulera en deux temps. Une premi\u00e8re semaine de sept concerts dans les Baronnies, qui restent le c\u0153ur du festival, suivie d\u2019une seconde semaine de six nouveaux concerts dans le Tricastin. Du dimanche 12 ao\u00fbt au samedi 25 ao\u00fbt, le nouveau \u00ab Parfum de Jazz \u00bb s\u2019annonce festif et g\u00e9n\u00e9reux. Demandez le programme !<\/strong><\/p>\n<p align=\"center\"><span style=\"text-decoration:underline;\"><span style=\"font-size:x-large;\"><strong>Le programme du PARFUM DE JAZZ 2012<\/strong><\/span><\/span><\/p>\n<p style=\"text-align:justify;\">+ <span style=\"text-decoration:underline;\"><strong>Dimanche 12 ao\u00fbt<\/strong><\/span> \u00e0 19h St Ferr\u00e9ol-Trente-Pas\u00a0: \u00ab\u00a0Parfum de jazz all stars\u00a0\u00bb, concert gratuit en faveur de la lutte contre la mucoviscidose.<\/p>\n<p style=\"text-align:justify;\">+ <strong><span style=\"text-decoration:underline;\">Lundi 13 ao\u00fbt<\/span><\/strong> Buis les Baronnies, jardins du cin\u00e9ma\u00a0: 1<sup>\u00e8re<\/sup> soir\u00e9e \u00ab\u00a0Michel Petrucciani\u00a0\u00bb avec \u00e0 20h\u00a0: Philippe Petrucciani quartet et \u00e0 22h projection du film \u00ab\u00a0Michel Petrucciani\u00a0\u00bb de Michael Radford.<\/p>\n<p>+ <strong>Mardi 14 ao\u00fbt<\/strong> Buis les Baronnies, jardins du cin\u00e9ma\u00a0:\u00a02<sup>\u00e8me<\/sup> soir\u00e9e \u00ab\u00a0Michel Petrucciani\u00a0\u00bb avec \u00e0 20h\u00a0: Flavio Boltro Quintet et \u00e0 22h projection du film \u00ab\u00a0Michel Petrucciani\u00a0\u00bb de Michael Radford.<\/p>\n<p style=\"text-align:justify;\">+ <strong>Mercredi 15 ao\u00fbt<\/strong> \u00e0 21h Montbrun les Bains, place du beffroi\u00a0: Soir\u00e9e \u00ab\u00a0West Coast Jazz\u00a0\u00bb avec Westalk Quartet.<\/p>\n<p style=\"text-align:justify;\">+ <strong>Jeudi 16 ao\u00fbt<\/strong> \u00e0 21h Buis les Baronnies, th\u00e9\u00e2tre de plein air\u00a0: Soir\u00e9e \u00ab\u00a0I remember Marylin\u00a0\u00bb, cr\u00e9ation autour de Marilyn Monroe chanteuse de jazz avec Anne Ducros Quintet.<\/p>\n<p style=\"text-align:justify;\">+ <strong>Vendredi 17 ao\u00fbt<\/strong> \u00e0 21h Buis les Baronnies, th\u00e9\u00e2tre de plein air\u00a0: 1\u00e8re partie : Edgar Dorantes trio &#8211; 2<sup>\u00e8me<\/sup> partie\u00a0: Antoine Hervier Trio invite Marcel Azzola (accord\u00e9on) et Marc Fosset (gt).<\/p>\n<p style=\"text-align:justify;\">+ <span style=\"text-decoration:underline;\"><strong>Samedi 18 ao\u00fbt<\/strong><\/span> \u00e0 21h Buis les Baronnies, th\u00e9\u00e2tre de plein air\u00a0: Soir\u00e9e \u00ab\u00a0Ray Charles\u00a0\u00bb avec Philippe Khoury sextet et les Realets.<\/p>\n<p style=\"text-align:justify;\">+ <span style=\"text-decoration:underline;\"><strong>Lundi 20 ao\u00fbt<\/strong><\/span> \u00e0 21h Saint-Restitut, carri\u00e8re du tennis\u00a0: Soir\u00e9e \u00ab\u00a0Electro jazz\u00a0\u00bb avec Claire Michael Quartet.<\/p>\n<p style=\"text-align:justify;\">+ <span style=\"text-decoration:underline;\"><strong>Mardi 21 ao\u00fbt<\/strong><\/span> \u00e0 21h La Garde Adh\u00e9mar, Val des Nymphes\u00a0: Soir\u00e9e \u00ab\u00a0Sacr\u00e9 Henri\u00a0!\u00a0\u00bb, cr\u00e9ation autour d&rsquo;Henri Salvador avec Xavier Richardeau Quintet.<\/p>\n<p style=\"text-align:justify;\">+ <span style=\"text-decoration:underline;\"><strong>Mercredi 22 ao\u00fbt<\/strong><\/span> \u00e0 21h La Garde Adh\u00e9mar, Val des Nymphes\u00a0: 1<sup>\u00e8re<\/sup> partie\u00a0: Le Big Band de l&rsquo;Institut National des Jeunes Aveugles &#8211; 2<sup>\u00e8me<\/sup> partie\u00a0: \u00ab\u00a0Hommage \u00e0 St\u00e9phane Grappelli\u00a0\u00bb avec Florin Niculescu Trio.<\/p>\n<p style=\"text-align:justify;\">+ <span style=\"text-decoration:underline;\"><strong>Jeudi 23 ao\u00fbt<\/strong><\/span> \u00e0 21h Bouchet, abbaye : Soir\u00e9e \u00ab\u00a0Tribute to Manhattan Transfer\u00a0\u00bb avec Vocal in Vienne Septet.<\/p>\n<p style=\"text-align:justify;\">+ <span style=\"text-decoration:underline;\"><strong>Vendredi 24 ao\u00fbt<\/strong><\/span> \u00e0 21h St Paul Trois Ch\u00e2teaux, place Castellane : Soir\u00e9e \u00ab\u00a0Flamenco jazz\u00a0\u00bb, Juan Carmona Quartet invite le guitariste am\u00e9ricain Larry Corryel.<\/p>\n<p>+ Same<span style=\"text-decoration:underline;\"><strong>di 25 ao\u00fbt<\/strong><\/span> \u00e0 21h Saint Paul Trois Ch\u00e2teaux, place Castellane\u00a0: Soir\u00e9e Blues avec Jean-Jacques Milteau Quintet.<\/p>\n<figure id=\"attachment_677\" aria-describedby=\"caption-attachment-677\" style=\"width: 500px\" class=\"wp-caption aligncenter\"><a href=\"http:\/\/tamtamdesbaronnies.com\/wordpress\/wp-content\/uploads\/2012\/08\/110a3-coryell01.jpg\"><img loading=\"lazy\" decoding=\"async\" class=\"size-full wp-image-677\" title=\"OLYMPUS DIGITAL CAMERA\" src=\"http:\/\/tamtamdesbaronnies.com\/wordpress\/wp-content\/uploads\/2012\/08\/110a3-coryell01.jpg\" alt=\"\" width=\"500\" height=\"362\" srcset=\"https:\/\/tamtamdesbaronnies.com\/wordpress\/wp-content\/uploads\/2012\/08\/110a3-coryell01.jpg 500w, https:\/\/tamtamdesbaronnies.com\/wordpress\/wp-content\/uploads\/2012\/08\/110a3-coryell01-300x217.jpg 300w\" sizes=\"auto, (max-width: 500px) 85vw, 500px\" \/><\/a><figcaption id=\"caption-attachment-677\" class=\"wp-caption-text\">Le guitariste am\u00e9ricain Larry Corriel sera \u00e0 St Paul-Trois-Ch\u00e2teaux le vendredi 24 ao\u00fbt pour une de ses rares apparitions de l\u2019\u00e9t\u00e9 en France<\/figcaption><\/figure>\n<p style=\"text-align:justify;\"><strong><span style=\"text-decoration:underline;\">Location &#8211; R\u00e9servation : <\/span><\/strong>En ligne: www.fnac.com &#8211; Par t\u00e9l\u00e9phone: FNAC 08 92 68 36 22 &#8211; Dans les Offices de Tourisme: pour les concerts de Buis les Baronnies : 04 75 28 04 59 &#8211; Montbrun les Bains: 04 75 28 82 49 &#8211; La Garde Adh\u00e9mar: 04 75 04 40 10 &#8211; Mont\u00e9limar : 04 75 01 00 20 &#8211; Pierrelatte : 04 75 04 07 98 &#8211; Saint Paul Trois ch\u00e2teaux : 04 75 96 59 60.<\/p>\n<p><strong><span style=\"text-decoration:underline;\">Tarifs : <\/span><\/strong>20 et 15 \u20ac pour les concerts du 13, 14, 16 et 17 ao\u00fbt \u00e0 Buis les Baronnies et des 24 et 25 ao\u00fbt \u00e0 St Paul Trois Ch\u00e2teaux \u2013 Tous les autres concerts\u00a0: 15 et 12 \u20ac<\/p>\n<p><strong><span style=\"text-decoration:underline;\">Renseignements<\/span><\/strong>\u00a0: <a href=\"http:\/\/www.parfumdejazz.com\">www.parfumdejazz.com<\/a><\/p>\n<figure id=\"attachment_678\" aria-describedby=\"caption-attachment-678\" style=\"width: 500px\" class=\"wp-caption aligncenter\"><a href=\"http:\/\/tamtamdesbaronnies.com\/wordpress\/wp-content\/uploads\/2012\/08\/53e5e-inja01.jpg\"><img loading=\"lazy\" decoding=\"async\" class=\"size-full wp-image-678\" title=\"INJA01\" src=\"http:\/\/tamtamdesbaronnies.com\/wordpress\/wp-content\/uploads\/2012\/08\/53e5e-inja01.jpg\" alt=\"\" width=\"500\" height=\"333\" srcset=\"https:\/\/tamtamdesbaronnies.com\/wordpress\/wp-content\/uploads\/2012\/08\/53e5e-inja01.jpg 500w, https:\/\/tamtamdesbaronnies.com\/wordpress\/wp-content\/uploads\/2012\/08\/53e5e-inja01-300x200.jpg 300w\" sizes=\"auto, (max-width: 500px) 85vw, 500px\" \/><\/a><figcaption id=\"caption-attachment-678\" class=\"wp-caption-text\">Les jeunes musiciens du Bing Band de l\u2019INJA seront en r\u00e9sidence \u00e0 St Paul-Trois-Ch\u00e2teaux du 20 au 25 ao\u00fbt.<\/figcaption><\/figure>\n","protected":false},"excerpt":{"rendered":"<p>\u00a0Dans les coulisses les \u00e9quipes s\u2019\u00e9chauffent, les musiciens font briller leurs instruments, les b\u00e9n\u00e9voles collent les affiches et distribuent des tracts, tous sont fin pr\u00eats pour cette 14\u00e8me \u00e9dition. 60 musiciens parmi les plus talentueux du moment attendent avec impatience ces deux semaines de musique, de rencontres, de partages, forc\u00e9ment intenses au pays des senteurs. &hellip; <a href=\"https:\/\/tamtamdesbaronnies.com\/wordpress\/2012\/08\/05\/parfum-de-jazz-2012-demandez-le-programme\/\" class=\"more-link\">Continuer la lecture<span class=\"screen-reader-text\"> de &laquo;&nbsp;PARFUM DE JAZZ 2012 : Demandez le programme !&nbsp;&raquo;<\/span><\/a><\/p>\n","protected":false},"author":2,"featured_media":0,"comment_status":"open","ping_status":"closed","sticky":false,"template":"","format":"standard","meta":{"spay_email":"","footnotes":""},"categories":[6,4,15],"tags":[],"class_list":["post-674","post","type-post","status-publish","format-standard","hentry","category-actualite-des-baronnies","category-musique","category-parfum-de-jazz"],"jetpack_featured_media_url":"","_links":{"self":[{"href":"https:\/\/tamtamdesbaronnies.com\/wordpress\/wp-json\/wp\/v2\/posts\/674","targetHints":{"allow":["GET"]}}],"collection":[{"href":"https:\/\/tamtamdesbaronnies.com\/wordpress\/wp-json\/wp\/v2\/posts"}],"about":[{"href":"https:\/\/tamtamdesbaronnies.com\/wordpress\/wp-json\/wp\/v2\/types\/post"}],"author":[{"embeddable":true,"href":"https:\/\/tamtamdesbaronnies.com\/wordpress\/wp-json\/wp\/v2\/users\/2"}],"replies":[{"embeddable":true,"href":"https:\/\/tamtamdesbaronnies.com\/wordpress\/wp-json\/wp\/v2\/comments?post=674"}],"version-history":[{"count":0,"href":"https:\/\/tamtamdesbaronnies.com\/wordpress\/wp-json\/wp\/v2\/posts\/674\/revisions"}],"wp:attachment":[{"href":"https:\/\/tamtamdesbaronnies.com\/wordpress\/wp-json\/wp\/v2\/media?parent=674"}],"wp:term":[{"taxonomy":"category","embeddable":true,"href":"https:\/\/tamtamdesbaronnies.com\/wordpress\/wp-json\/wp\/v2\/categories?post=674"},{"taxonomy":"post_tag","embeddable":true,"href":"https:\/\/tamtamdesbaronnies.com\/wordpress\/wp-json\/wp\/v2\/tags?post=674"}],"curies":[{"name":"wp","href":"https:\/\/api.w.org\/{rel}","templated":true}]}}