{"id":518,"date":"2012-04-11T14:40:44","date_gmt":"2012-04-11T13:40:44","guid":{"rendered":"http:\/\/tamtamdesbaronnies.blog.lemonde.fr\/?p=518"},"modified":"2012-04-11T14:40:44","modified_gmt":"2012-04-11T13:40:44","slug":"les-dernieres-nouvelles-du-parc-des-baronnies-provencales","status":"publish","type":"post","link":"https:\/\/tamtamdesbaronnies.com\/wordpress\/2012\/04\/11\/les-dernieres-nouvelles-du-parc-des-baronnies-provencales\/","title":{"rendered":"Les derni\u00e8res nouvelles du Parc des Baronnies Proven\u00e7ales"},"content":{"rendered":"<figure id=\"attachment_519\" aria-describedby=\"caption-attachment-519\" style=\"width: 500px\" class=\"wp-caption aligncenter\"><a href=\"http:\/\/tamtamdesbaronnies.blog.lemonde.fr\/files\/2012\/04\/BureauParc01.jpg\"><img loading=\"lazy\" decoding=\"async\" class=\"size-full wp-image-519\" title=\"BureauParc01\" src=\"http:\/\/tamtamdesbaronnies.blog.lemonde.fr\/files\/2012\/04\/BureauParc01.jpg\" alt=\"\" width=\"500\" height=\"223\" \/><\/a><figcaption id=\"caption-attachment-519\" class=\"wp-caption-text\">Le bureau du Syndicat Mixte des Baronnies Proven\u00e7ales, de gauche \u00e0 droite : Marcel BAGARD, Marc BONNARD, Corinne MOREL-DARLEUX, Christian BARTHEYE, Herv\u00e9 RASCLARD, Andr\u00e9 AUBERIC, Marie BOUCHEZ, Bruno LAGIER, Annie AGIER, Jean-Pierre BUIX.<\/figcaption><\/figure>\n<p style=\"text-align:justify;\"><strong>Se r\u00e9unisssant\u00a0\u00e0 Sahune\u00a0le mardi 10 avril 2012, le bureau du Syndicat Mixte des Baronnies Proven\u00e7ales a comment\u00e9 le vote des collectivit\u00e9s locales qui s&rsquo;est clos le 31 mars dernier en \u00e9mettant\u00a0le communiqu\u00e9 suivant:<\/strong><\/p>\n<p style=\"text-align:justify;\">\u00ab\u00a0Durant les quatre derniers mois, les collectivit\u00e9s locales concern\u00e9es par le projet de Parc naturel r\u00e9gional des Baronnies Proven\u00e7ales se sont prononc\u00e9es en prenant chacune leurs responsabilit\u00e9s. 87 communes repr\u00e9sentant 30\u00a0800 habitants, 12 communaut\u00e9s de communes et 6 villes-portes ont d\u00e9cid\u00e9 d\u2019adh\u00e9rer au Parc. Le vote favorable de 70 % des 1\u00a0600 \u00e9lus locaux l\u00e9gitime clairement la poursuite de la proc\u00e9dure de cr\u00e9ation du Parc.<\/p>\n<p style=\"text-align:justify;\">Le Bureau du Syndicat Mixte, respectueux du choix des communes, confirme en cons\u00e9quence le calendrier des derni\u00e8res \u00e9tapes de la cr\u00e9ation du Parc. Apr\u00e8s le vote favorable des D\u00e9partements de la Dr\u00f4me et des Hautes-Alpes, les R\u00e9gions Provence-Alpes-C\u00f4te-d\u2019Azur et Rh\u00f4ne-Alpes se prononceront \u00e0 leur tour les 29 juin et 12 juillet. L\u2019avis final de l\u2019Etat est attendu d\u2019ici fin 2012. Les membres du Bureau, unanimes, affichent leur confiance dans la d\u00e9cision que prendra le prochain gouvernement d\u2019ici la fin de l\u2019ann\u00e9e.<\/p>\n<p style=\"text-align:justify;\">Parall\u00e8lement \u00e0 la proc\u00e9dure de cr\u00e9ation du Parc, le Syndicat Mixte des Baronnies Proven\u00e7ales poursuit ses missions au service du territoire. En 2012, des moyens importants seront notamment consacr\u00e9s, dans le domaine de l\u2019agriculture et de la for\u00eat, au d\u00e9veloppement de la fili\u00e8re bois (bois \u00e9nergie, bois construction) et du pastoralisme, ainsi qu\u2019\u00e0 la valorisation et \u00e0 la recherche de d\u00e9bouch\u00e9s pour les productions agricoles locales. Afin d\u2019aider les communes \u00e0 r\u00e9duire leur facture \u00e9nerg\u00e9tique, un service de conseil en \u00e9conomie d\u2019\u00e9nergie sera propos\u00e9.<\/p>\n<p style=\"text-align:justify;\">Les manifestations et acteurs culturels b\u00e9n\u00e9ficieront d\u2019un agenda et d\u2019un r\u00e9pertoire en ligne pour mieux faire conna\u00eetre leurs activit\u00e9s (<a href=\"http:\/\/www.culture-provence-baronnies.fr\">www.culture-provence-baronnies.fr<\/a>). La promotion touristique des Baronnies Proven\u00e7ales, en collaboration avec les associations \u00ab\u00a0Dr\u00f4me Proven\u00e7ale\u00a0\u00bb et \u00ab\u00a0Provence des montagnes\u00a0\u00bb sera renforc\u00e9e. Les habitants pourront participer \u00e0 des stages de formation destin\u00e9s \u00e0 les initier \u00e0 la construction de murs en pierre s\u00e8che, embl\u00e9matiques de certains de nos paysages. Dans le domaine des activit\u00e9s de pleine nature, les activit\u00e9s d\u2019escalade vont conna\u00eetre, apr\u00e8s des investissements importants \u00e0 Orpierre, un nouveau d\u00e9veloppement avec la cr\u00e9ation d\u2019une Via Ferrata \u00e0 Buis-les-Baronnies.\u00a0\u00bb<\/p>\n","protected":false},"excerpt":{"rendered":"<p>Se r\u00e9unisssant\u00a0\u00e0 Sahune\u00a0le mardi 10 avril 2012, le bureau du Syndicat Mixte des Baronnies Proven\u00e7ales a comment\u00e9 le vote des collectivit\u00e9s locales qui s&rsquo;est clos le 31 mars dernier en \u00e9mettant\u00a0le communiqu\u00e9 suivant: \u00ab\u00a0Durant les quatre derniers mois, les collectivit\u00e9s locales concern\u00e9es par le projet de Parc naturel r\u00e9gional des Baronnies Proven\u00e7ales se sont prononc\u00e9es &hellip; <a href=\"https:\/\/tamtamdesbaronnies.com\/wordpress\/2012\/04\/11\/les-dernieres-nouvelles-du-parc-des-baronnies-provencales\/\" class=\"more-link\">Continuer la lecture<span class=\"screen-reader-text\"> de &laquo;&nbsp;Les derni\u00e8res nouvelles du Parc des Baronnies Proven\u00e7ales&nbsp;&raquo;<\/span><\/a><\/p>\n","protected":false},"author":2,"featured_media":0,"comment_status":"open","ping_status":"closed","sticky":false,"template":"","format":"standard","meta":{"spay_email":"","footnotes":""},"categories":[6,18],"tags":[],"class_list":["post-518","post","type-post","status-publish","format-standard","hentry","category-actualite-des-baronnies","category-politique"],"jetpack_featured_media_url":"","_links":{"self":[{"href":"https:\/\/tamtamdesbaronnies.com\/wordpress\/wp-json\/wp\/v2\/posts\/518","targetHints":{"allow":["GET"]}}],"collection":[{"href":"https:\/\/tamtamdesbaronnies.com\/wordpress\/wp-json\/wp\/v2\/posts"}],"about":[{"href":"https:\/\/tamtamdesbaronnies.com\/wordpress\/wp-json\/wp\/v2\/types\/post"}],"author":[{"embeddable":true,"href":"https:\/\/tamtamdesbaronnies.com\/wordpress\/wp-json\/wp\/v2\/users\/2"}],"replies":[{"embeddable":true,"href":"https:\/\/tamtamdesbaronnies.com\/wordpress\/wp-json\/wp\/v2\/comments?post=518"}],"version-history":[{"count":0,"href":"https:\/\/tamtamdesbaronnies.com\/wordpress\/wp-json\/wp\/v2\/posts\/518\/revisions"}],"wp:attachment":[{"href":"https:\/\/tamtamdesbaronnies.com\/wordpress\/wp-json\/wp\/v2\/media?parent=518"}],"wp:term":[{"taxonomy":"category","embeddable":true,"href":"https:\/\/tamtamdesbaronnies.com\/wordpress\/wp-json\/wp\/v2\/categories?post=518"},{"taxonomy":"post_tag","embeddable":true,"href":"https:\/\/tamtamdesbaronnies.com\/wordpress\/wp-json\/wp\/v2\/tags?post=518"}],"curies":[{"name":"wp","href":"https:\/\/api.w.org\/{rel}","templated":true}]}}