{"id":472,"date":"2011-03-14T17:26:26","date_gmt":"2011-03-14T16:26:26","guid":{"rendered":"http:\/\/tamtamdesbaronnies.blog.lemonde.fr\/2011\/03\/14\/un-hopital-local-de-plus-en-plus-international\/"},"modified":"2011-03-14T17:26:26","modified_gmt":"2011-03-14T16:26:26","slug":"un-hopital-local-de-plus-en-plus-international","status":"publish","type":"post","link":"https:\/\/tamtamdesbaronnies.com\/wordpress\/2011\/03\/14\/un-hopital-local-de-plus-en-plus-international\/","title":{"rendered":"Un h\u00f4pital local de plus en plus international"},"content":{"rendered":"<p>\u00a0<img loading=\"lazy\" decoding=\"async\" width=\"128\" src=\"http:\/\/tamtamdesbaronnies.blog.lemonde.fr\/files\/2011\/03\/hopital0.1300119959.thumbnail.jpg\" alt=\"hopital0.1300119959.jpg\" height=\"90\" \/>Le recrutement de personnel m\u00e9dical en milieu rural devient, on le sait, de plus en plus difficile. La limitation excessive pendant des ann\u00e9es du num\u00e9rus clausus des \u00e9tudiants en m\u00e9decine, le vieillissement et la f\u00e9minisation de la d\u00e9mographie m\u00e9dicale, l&rsquo;\u00e9volution des modes de vie et des mentalit\u00e9s favorisant les zones urbaines au d\u00e9triment des campagnes et le profond malaise qui touche aujourd&rsquo;hui les g\u00e9n\u00e9ralistes dans leurs conditions de travail, en sont les causes admises par tous.<\/p>\n<p>Pour faire face \u00e0 cette \u00ab\u00a0d\u00e9sertification m\u00e9dicale\u00a0\u00bb qui affecte le monde rural en g\u00e9n\u00e9ral et les Baronnies en particulier, la directrice de l&rsquo;h\u00f4pital local H\u00e9l\u00e8ne Sicard et le maire Jean Pierre Buix ont d\u00e9cid\u00e9 de lancer des appels au recrutement de personnel m\u00e9dical dans diff\u00e9rents pays europ\u00e9ens. C&rsquo;est ainsi que l&rsquo;h\u00f4pital local s&rsquo;internationalise avec l&rsquo;arriv\u00e9e, voila d\u00e9j\u00e0 18 mois, d&rsquo;une infirmi\u00e8re bulgare en la personne de Kremena Dobreva, 40 ans, originaire de Rouss\u00e9 sur le Danube et voila 6 mois de Pedro Almeida, infirmier portugais de 23 ans originaire de Porto. Tous deux se sont parfaitement adapt\u00e9s \u00e0 la ville et \u00e0 l&rsquo;\u00e9tablissement, gr\u00e2ce notamment aux cours de fran\u00e7ais dispens\u00e9s par Jos\u00e9 Pereira enseignant au groupe scolaire buxois.<\/p>\n<p><b>Un docteur roumain \u00e0 l&rsquo;h\u00f4pital<\/b><\/p>\n<p>Enfin derni\u00e8re arriv\u00e9e, la docteur roumaine Mariana Nan a rejoint, depuis le d\u00e9but du mois de mars, l&rsquo;h\u00f4pital de Buis, avec le statut de m\u00e9decin associ\u00e9, dans l&rsquo;attente de l&rsquo;inscription \u00e0 l&rsquo;ordre des m\u00e9decins de la Dr\u00f4me qui lui permettra de devenir m\u00e9decin coordonnateur en remplacement du docteur Michel Hugues, sur le point de partir en retraite.<\/p>\n<p>Le parcours du docteur Mariana Nan est \u00e0 ce titre exemplaire. Originaire de Brasov en Roumanie, ayant fait des \u00e9tudes \u00e0 la facult\u00e9 de m\u00e9decine de Iasi, Mariana aura exerc\u00e9 la m\u00e9decine en Roumanie pendant 25 ans comme directrice de maison de retraite et m\u00e9decin g\u00e9n\u00e9raliste et du travail. Aujourd&rsquo;hui, \u00e0 55 ans, n&rsquo;ayant plus d&rsquo;attache familiale en Roumanie et parlant couramment le fran\u00e7ais pour l&rsquo;avoir appris d\u00e9s le plus jeune \u00e2ge avec sa maman professeur de fran\u00e7ais et \u00e0 l&rsquo;Alliance Fran\u00e7aise locale, elle confie <i>\u00ab\u00a0r\u00e9aliser un vieux r\u00eave en venant s&rsquo;installer en France.<\/i> <i>Je d\u00e9couvre actuellement l&rsquo;h\u00f4pital et la r\u00e9gion et je suis enthousiasm\u00e9 par tout ce que je vois, l&rsquo;environnement, les gens, le climat, &#8230;\u00a0\u00bb<\/i><\/p>\n<p>De son cot\u00e9, H\u00e9l\u00e8ne Sicard ne peut que se f\u00e9liciter de l&rsquo;arriv\u00e9e du docteur Mariana Nan, <i>\u00ab\u00a0qui se r\u00e9v\u00e8le \u00eatre tr\u00e8s motiv\u00e9e, volontaire, comp\u00e9tente et sympathique&#8230; Le poste de m\u00e9decin coordonateur est essentiel pour les r\u00e9sidents et nous sommes heureux de voir qu&rsquo;il n&rsquo;y aura pas de vacance \u00e0 l&rsquo;heure o\u00f9, dans notre r\u00e9gion, le recrutement de m\u00e9decin est si difficile&#8230;\u00a0\u00bb<\/i><\/p>\n<p><i><\/i><\/p>\n<p><strong>Alain Bosmans<br \/>\nArticle paru dans le Dauphin\u00e9 Lib\u00e9r\u00e9 du 15 mars 2011<\/strong><\/p>\n","protected":false},"excerpt":{"rendered":"<p>\u00a0Le recrutement de personnel m\u00e9dical en milieu rural devient, on le sait, de plus en plus difficile. La limitation excessive pendant des ann\u00e9es du num\u00e9rus clausus des \u00e9tudiants en m\u00e9decine, le vieillissement et la f\u00e9minisation de la d\u00e9mographie m\u00e9dicale, l&rsquo;\u00e9volution des modes de vie et des mentalit\u00e9s favorisant les zones urbaines au d\u00e9triment des campagnes &hellip; <a href=\"https:\/\/tamtamdesbaronnies.com\/wordpress\/2011\/03\/14\/un-hopital-local-de-plus-en-plus-international\/\" class=\"more-link\">Continuer la lecture<span class=\"screen-reader-text\"> de &laquo;&nbsp;Un h\u00f4pital local de plus en plus international&nbsp;&raquo;<\/span><\/a><\/p>\n","protected":false},"author":2,"featured_media":0,"comment_status":"open","ping_status":"open","sticky":false,"template":"","format":"standard","meta":{"spay_email":"","footnotes":""},"categories":[6,9],"tags":[],"class_list":["post-472","post","type-post","status-publish","format-standard","hentry","category-actualite-des-baronnies","category-sante"],"jetpack_featured_media_url":"","_links":{"self":[{"href":"https:\/\/tamtamdesbaronnies.com\/wordpress\/wp-json\/wp\/v2\/posts\/472","targetHints":{"allow":["GET"]}}],"collection":[{"href":"https:\/\/tamtamdesbaronnies.com\/wordpress\/wp-json\/wp\/v2\/posts"}],"about":[{"href":"https:\/\/tamtamdesbaronnies.com\/wordpress\/wp-json\/wp\/v2\/types\/post"}],"author":[{"embeddable":true,"href":"https:\/\/tamtamdesbaronnies.com\/wordpress\/wp-json\/wp\/v2\/users\/2"}],"replies":[{"embeddable":true,"href":"https:\/\/tamtamdesbaronnies.com\/wordpress\/wp-json\/wp\/v2\/comments?post=472"}],"version-history":[{"count":0,"href":"https:\/\/tamtamdesbaronnies.com\/wordpress\/wp-json\/wp\/v2\/posts\/472\/revisions"}],"wp:attachment":[{"href":"https:\/\/tamtamdesbaronnies.com\/wordpress\/wp-json\/wp\/v2\/media?parent=472"}],"wp:term":[{"taxonomy":"category","embeddable":true,"href":"https:\/\/tamtamdesbaronnies.com\/wordpress\/wp-json\/wp\/v2\/categories?post=472"},{"taxonomy":"post_tag","embeddable":true,"href":"https:\/\/tamtamdesbaronnies.com\/wordpress\/wp-json\/wp\/v2\/tags?post=472"}],"curies":[{"name":"wp","href":"https:\/\/api.w.org\/{rel}","templated":true}]}}