{"id":468,"date":"2011-02-15T09:08:47","date_gmt":"2011-02-15T08:08:47","guid":{"rendered":"http:\/\/tamtamdesbaronnies.blog.lemonde.fr\/2011\/02\/15\/le-theatre-ecole-devient-%c2%ab-archi-volt-%c2%bb-pour-presenter-ses-pieces\/"},"modified":"2011-02-15T09:08:47","modified_gmt":"2011-02-15T08:08:47","slug":"le-theatre-ecole-devient-archi-volt-pour-presenter-ses-pieces","status":"publish","type":"post","link":"https:\/\/tamtamdesbaronnies.com\/wordpress\/2011\/02\/15\/le-theatre-ecole-devient-archi-volt-pour-presenter-ses-pieces\/","title":{"rendered":"Le Th\u00e9\u00e2tre-Ecole devient \u00ab Archi-Volt \u00bb pour pr\u00e9senter ses pi\u00e8ces"},"content":{"rendered":"<p>\u00a0<img loading=\"lazy\" decoding=\"async\" width=\"80\" src=\"http:\/\/tamtamdesbaronnies.blog.lemonde.fr\/files\/2011\/02\/serge1.1297757298.thumbnail.jpg\" alt=\"serge1.1297757298.jpg\" height=\"96\" \/>C&rsquo;est dans la salle de l&rsquo;Auditoire que l&rsquo;association du \u00ab\u00a0Th\u00e9\u00e2tre-Ecole de la Lance et des Baronnies\u00a0\u00bb a tenu vendredi dernier 11 f\u00e9vrier en soir\u00e9e son assembl\u00e9e g\u00e9n\u00e9rale annuelle et statutaire. G\u00e9rard Deboulle ayant d\u00e9missionn\u00e9 depuis le 1<sup>er<\/sup> janvier c&rsquo;est la vice pr\u00e9sidente Paule Guitoni qui pr\u00e9sentait devant une quinzaine d&rsquo;adh\u00e9rents le rapport d&rsquo;activit\u00e9s et la tr\u00e9sori\u00e8re Marie H\u00e9l\u00e8ne Advielle le compte de r\u00e9sultats et bilan financier de l&rsquo;ann\u00e9e \u00e9coul\u00e9e.<\/p>\n<p>En 2010, le Th\u00e9\u00e2tre Ecole a poursuivi son enseignement th\u00e9\u00e2tral avec les ateliers hebdomadaires pour enfants et adolescents conduits par Sophie Michelin et Audrey Rocchi-Bosse-Denessur. Les ateliers adultes sous la conduite de Serge Pauthe mettaient \u00e0 leur r\u00e9pertoire le monumental \u00ab\u00a0Mariage de Figaro\u00a0\u00bb de Beaumarchais ainsi que 5 pi\u00e8ces courtes de l&rsquo;auteur contemporain Jean Claude Grumberg. Au total une vingtaine de repr\u00e9sentations furent donn\u00e9es pendant et en dehors de la p\u00e9riode estivale, non seulement \u00e0 Buis, mais \u00e9galement \u00e0 Nyons, Puym\u00e9ras, Reilhanette, la Roche sur le Buis et Malauc\u00e8ne devant quelques 2000 spectateurs.<\/p>\n<p>Pour l&rsquo;ann\u00e9e 2011, le Th\u00e9\u00e2tre-Ecole annonce la s\u00e9paration de ces deux activit\u00e9s en deux entit\u00e9s diff\u00e9rentes. Sous le nom de \u00ab\u00a0Th\u00e9\u00e2tre-Ecole de la Lance et des Baronnies\u00a0\u00bb, les activit\u00e9s p\u00e9dagogiques se poursuivront avec les ateliers pour enfants et adolescents ainsi que des stages de week-end. Une nouvelle structure, la compagnie \u00ab\u00a0Archi-Volt\u00a0\u00bb, dont le choix du nom fit l&rsquo;objet d&rsquo;un d\u00e9bat, sera charg\u00e9e de produire et de pr\u00e9senter les spectacles de l&rsquo;association. Au programme pour l&rsquo;\u00e9t\u00e9 \u00ab\u00a0La Locandiara\u00a0\u00bb de Carlo Goldoni mis en sc\u00e8ne par Roland Peyron et \u00ab\u00a0La peur\u00a0\u00bb de St\u00e9phane Zweig mis en sc\u00e8ne de Serge Pauthe.<\/p>\n<p>Le nouveau conseil d&rsquo;administration, issu de son renouvellement, sera charg\u00e9 dans les jours \u00e0 venir de se choisir un nouveau pr\u00e9sident.<\/p>\n<p align=\"center\"><b>SERGE PAUTHE COMMUNIQUE<\/b><\/p>\n<p>Suite \u00e0\u00a0 l&rsquo;Assembl\u00e9e G\u00e9n\u00e9rale du Th\u00e9\u00e2tre-Ecole tenue le vendredi 11 f\u00e9vrier et qui a signifi\u00e9 la cr\u00e9ation de la compagnie \u00ab\u00a0Archi-Volt\u00a0\u00bb produisant d\u00e9sormais les pi\u00e8ces pr\u00e9c\u00e9demment cr\u00e9\u00e9s, Serge Pauthe, fondateur et directeur artistique communique\u00a0: \u00ab\u00a0le Th\u00e9\u00e2tre-Ecole que j&rsquo;ai cr\u00e9\u00e9 il ya 12 ans ne saurait servir de tremplin \u00e0 une compagnie amateur qui, de ce fait, utiliserait les subventions et\u00a0 la notori\u00e9t\u00e9 acquise gr\u00e2ce au travail inlassable de cr\u00e9ation et d&rsquo;actions p\u00e9dagogiques effectu\u00e9s au c\u0153ur des Baronnies depuis 1999\u00a0 sous ma direction.<\/p>\n<p>Cette initiative malheureuse a \u00e9t\u00e9 prise sans mon consentement. Elle d\u00e9figure cette \u0153uvre tiss\u00e9e par tous ces habitants qui ont apport\u00e9 passion et d\u00e9sint\u00e9ressement\u00a0 au service exclusif du Th\u00e9\u00e2tre-Ecole, contribuant\u00a0 \u00e0 son rayonnement et \u00e0 l&rsquo;adh\u00e9sion d&rsquo;un public fid\u00e8le. Il faut que le Th\u00e9\u00e2tre-Ecole retrouve ses bases tout en \u00e9voluant, sans renier son histoire forte de 35 cr\u00e9ations choisies parmi les auteurs classiques et contemporains et qui ont chaque \u00e9t\u00e9 enchant\u00e9 le public en laissant des traces ind\u00e9l\u00e9biles dans toutes les m\u00e9moires.\u00a0\u00bb<\/p>\n<p><strong>Alain BOSMANS<\/strong> (qui juge, lui aussi, parfaitement\u00a0saugrenue, cette malheureuse initiative !)<br \/>\nArticle du Dauphin\u00e9 Lib\u00e9r\u00e9 du 14 f\u00e9vrier 2011<\/p>\n","protected":false},"excerpt":{"rendered":"<p>\u00a0C&rsquo;est dans la salle de l&rsquo;Auditoire que l&rsquo;association du \u00ab\u00a0Th\u00e9\u00e2tre-Ecole de la Lance et des Baronnies\u00a0\u00bb a tenu vendredi dernier 11 f\u00e9vrier en soir\u00e9e son assembl\u00e9e g\u00e9n\u00e9rale annuelle et statutaire. G\u00e9rard Deboulle ayant d\u00e9missionn\u00e9 depuis le 1er janvier c&rsquo;est la vice pr\u00e9sidente Paule Guitoni qui pr\u00e9sentait devant une quinzaine d&rsquo;adh\u00e9rents le rapport d&rsquo;activit\u00e9s et la &hellip; <a href=\"https:\/\/tamtamdesbaronnies.com\/wordpress\/2011\/02\/15\/le-theatre-ecole-devient-archi-volt-pour-presenter-ses-pieces\/\" class=\"more-link\">Continuer la lecture<span class=\"screen-reader-text\"> de &laquo;&nbsp;Le Th\u00e9\u00e2tre-Ecole devient \u00ab Archi-Volt \u00bb pour pr\u00e9senter ses pi\u00e8ces&nbsp;&raquo;<\/span><\/a><\/p>\n","protected":false},"author":2,"featured_media":0,"comment_status":"open","ping_status":"open","sticky":false,"template":"","format":"standard","meta":{"spay_email":"","footnotes":""},"categories":[3,8],"tags":[],"class_list":["post-468","post","type-post","status-publish","format-standard","hentry","category-associations","category-theatre"],"jetpack_featured_media_url":"","_links":{"self":[{"href":"https:\/\/tamtamdesbaronnies.com\/wordpress\/wp-json\/wp\/v2\/posts\/468","targetHints":{"allow":["GET"]}}],"collection":[{"href":"https:\/\/tamtamdesbaronnies.com\/wordpress\/wp-json\/wp\/v2\/posts"}],"about":[{"href":"https:\/\/tamtamdesbaronnies.com\/wordpress\/wp-json\/wp\/v2\/types\/post"}],"author":[{"embeddable":true,"href":"https:\/\/tamtamdesbaronnies.com\/wordpress\/wp-json\/wp\/v2\/users\/2"}],"replies":[{"embeddable":true,"href":"https:\/\/tamtamdesbaronnies.com\/wordpress\/wp-json\/wp\/v2\/comments?post=468"}],"version-history":[{"count":0,"href":"https:\/\/tamtamdesbaronnies.com\/wordpress\/wp-json\/wp\/v2\/posts\/468\/revisions"}],"wp:attachment":[{"href":"https:\/\/tamtamdesbaronnies.com\/wordpress\/wp-json\/wp\/v2\/media?parent=468"}],"wp:term":[{"taxonomy":"category","embeddable":true,"href":"https:\/\/tamtamdesbaronnies.com\/wordpress\/wp-json\/wp\/v2\/categories?post=468"},{"taxonomy":"post_tag","embeddable":true,"href":"https:\/\/tamtamdesbaronnies.com\/wordpress\/wp-json\/wp\/v2\/tags?post=468"}],"curies":[{"name":"wp","href":"https:\/\/api.w.org\/{rel}","templated":true}]}}