{"id":462,"date":"2011-01-01T16:52:04","date_gmt":"2011-01-01T15:52:04","guid":{"rendered":"http:\/\/tamtamdesbaronnies.blog.lemonde.fr\/2011\/01\/01\/un-programme-prestigieux-pour-les-serenades-2011\/"},"modified":"2011-01-01T16:52:04","modified_gmt":"2011-01-01T15:52:04","slug":"un-programme-prestigieux-pour-les-serenades-2011","status":"publish","type":"post","link":"https:\/\/tamtamdesbaronnies.com\/wordpress\/2011\/01\/01\/un-programme-prestigieux-pour-les-serenades-2011\/","title":{"rendered":"Un programme prestigieux pour les S\u00e9r\u00e9nades 2011"},"content":{"rendered":"<p>\u00a0<img loading=\"lazy\" decoding=\"async\" width=\"64\" src=\"http:\/\/tamtamdesbaronnies.blog.lemonde.fr\/files\/2011\/01\/werner.1293897050.thumbnail.jpg\" alt=\"werner.1293897050.jpg\" height=\"96\" \/>Pr\u00e9sentant le programme de la cinqui\u00e8me \u00e9dition des \u00ab\u00a0S\u00e9r\u00e9nades en Baronnies\u00a0\u00bb le chanteur lyrique Werner Van Mechelen, fondateur et directeur artistique du festival, confirme la vocation de celui-ci\u00a0: \u00ab\u00a0Promouvoir la musique classique, non seulement \u00e0 Buis, mais \u00e9galement dans toutes les Baronnies en offrant, de janvier \u00e0 d\u00e9cembre 2011, six concerts et r\u00e9citals d&rsquo;une tr\u00e8s haute qualit\u00e9 artistiques et musicale avec la pr\u00e9sence de musiciens de renomm\u00e9e internationale. Entour\u00e9 pour l&rsquo;organisation du festival d&rsquo;une solide \u00e9quipe de b\u00e9n\u00e9voles, Werner a, cette ann\u00e9e encore, plac\u00e9 la barre tr\u00e8s haut.<\/p>\n<p>Tout d&rsquo;abord, le 23 janvier, la jeune pianiste Young-Choon Park donnera un r\u00e9cital \u00e0 la salle des f\u00eates buxoises dans le cadre de sa tourn\u00e9e europ\u00e9enne. Pianiste de renomm\u00e9e internationale, elle s&rsquo;est produite sur les plus grandes sc\u00e8nes mondiales et notamment aux Chor\u00e9gies d&rsquo;Orange. Elle interpr\u00e8tera des \u0153uvres de Mozart, Chopin et Beethoven.<\/p>\n<p>Le 24 avril, c\u00b4est l&rsquo;Orchestre des Pays de Savoie sous la direction de Nicolas Chalvin\u00a0 qui offrira un concert symphonique. Au programme, des s\u00e9r\u00e9nades de Barber, Elgar et Dvorak et des \u0153uvres symphoniques de Britten et Haydn. Depuis sa cr\u00e9ation en 1984, l&rsquo;Orchestre des Pays de Savoie s\u00b4est\u00a0 fait conna\u00eetre sur des sc\u00e8nes prestigieuses comme l&rsquo;Op\u00e9ra Bastille, le Victoria Hall de Gen\u00e8ve, la Capella de Saint-Petersbourg, la Salle Rachmaninov \u00e0 Moscou, ou le festival \u00ab\u00a0Sao\u00fb chante Mozart\u00a0\u00bb.<\/p>\n<p>Le 9 ao\u00fbt, nous aurons rendez-vous avec Donizetti pour l&rsquo;habituel grand concert Bel Canto de l&rsquo;\u00e9t\u00e9 buxois. Les airs et ensembles les plus c\u00e9l\u00e8bres de \u00ab\u00a0Don Pasquale\u00a0\u00bb\u00a0 et\u00a0 \u00ab\u00a0Elisir d\u00b4Amore\u00a0\u00bb seront interpr\u00e9t\u00e9s par quatre chanteurs lyriques renomm\u00e9s: Anne-Catherine Gillet (soprano), Yves Saelens (t\u00e9nor), Kevin Greenlaw (baryton) et Werner Van Mechelen (baryton-basse). Ils seront accompagn\u00e9s au piano par Inge Spinette.<\/p>\n<p>Le 3 septembre \u00e0 Richerenches et le 4 septembre \u00e0 Sainte-Jalle, Werner Van Mechelen accompagn\u00e9 de Inge Spinette au piano donnera un r\u00e9cital de chants lyriques comprenant des \u0153uvres de Bizet, Gounod, Poulenc, Faure, Massenet, Hahn.<\/p>\n<p>Enfin, le 18 d\u00e9cembre aura lieu \u00e0 Buis un \u00ab\u00a0Grand Concert de No\u00ebl\u00a0\u00bb avec des extraits du \u00ab\u00a0Messie\u00a0\u00bb de Haendel, le concerto \u00ab\u00a0per la notte di natale\u00a0\u00bb de Corelli et la cantate \u00ab\u00a0Jauchzet Gott in allen Landen\u00a0\u00bb de Bach. Liesbeth Devos (soprano) et Werner Van Mechelen (baryton-basse) seront accompagn\u00e9s par l\u00b4orchestre \u00e0 cordes de jeunes musiciens languedociens \u00ab\u00a0le Triomphe de l&rsquo;Amour\u00a0\u00bb de Carl Brainich.<\/p>\n<p><b><u>Pour en savoir plus<\/u><\/b> : Renseignements et r\u00e9servations : 04 75 28 34 64 ou 06 86 36 52 15 &#8211; Site Internet: <a href=\"http:\/\/www.serenadesenbaronnies.com\/\">www.serenadesenbaronnies.com<\/a><\/p>\n<p>Alain BOSMANS<br \/>\nArticle paru dans le \u00ab\u00a0Dauphin\u00e9 Lib\u00e9r\u00e9\u00a0\u00bb du 29 d\u00e9cembre 2010<\/p>\n","protected":false},"excerpt":{"rendered":"<p>\u00a0Pr\u00e9sentant le programme de la cinqui\u00e8me \u00e9dition des \u00ab\u00a0S\u00e9r\u00e9nades en Baronnies\u00a0\u00bb le chanteur lyrique Werner Van Mechelen, fondateur et directeur artistique du festival, confirme la vocation de celui-ci\u00a0: \u00ab\u00a0Promouvoir la musique classique, non seulement \u00e0 Buis, mais \u00e9galement dans toutes les Baronnies en offrant, de janvier \u00e0 d\u00e9cembre 2011, six concerts et r\u00e9citals d&rsquo;une tr\u00e8s &hellip; <a href=\"https:\/\/tamtamdesbaronnies.com\/wordpress\/2011\/01\/01\/un-programme-prestigieux-pour-les-serenades-2011\/\" class=\"more-link\">Continuer la lecture<span class=\"screen-reader-text\"> de &laquo;&nbsp;Un programme prestigieux pour les S\u00e9r\u00e9nades 2011&nbsp;&raquo;<\/span><\/a><\/p>\n","protected":false},"author":2,"featured_media":0,"comment_status":"open","ping_status":"open","sticky":false,"template":"","format":"standard","meta":{"spay_email":"","footnotes":""},"categories":[3,4],"tags":[],"class_list":["post-462","post","type-post","status-publish","format-standard","hentry","category-associations","category-musique"],"jetpack_featured_media_url":"","_links":{"self":[{"href":"https:\/\/tamtamdesbaronnies.com\/wordpress\/wp-json\/wp\/v2\/posts\/462","targetHints":{"allow":["GET"]}}],"collection":[{"href":"https:\/\/tamtamdesbaronnies.com\/wordpress\/wp-json\/wp\/v2\/posts"}],"about":[{"href":"https:\/\/tamtamdesbaronnies.com\/wordpress\/wp-json\/wp\/v2\/types\/post"}],"author":[{"embeddable":true,"href":"https:\/\/tamtamdesbaronnies.com\/wordpress\/wp-json\/wp\/v2\/users\/2"}],"replies":[{"embeddable":true,"href":"https:\/\/tamtamdesbaronnies.com\/wordpress\/wp-json\/wp\/v2\/comments?post=462"}],"version-history":[{"count":0,"href":"https:\/\/tamtamdesbaronnies.com\/wordpress\/wp-json\/wp\/v2\/posts\/462\/revisions"}],"wp:attachment":[{"href":"https:\/\/tamtamdesbaronnies.com\/wordpress\/wp-json\/wp\/v2\/media?parent=462"}],"wp:term":[{"taxonomy":"category","embeddable":true,"href":"https:\/\/tamtamdesbaronnies.com\/wordpress\/wp-json\/wp\/v2\/categories?post=462"},{"taxonomy":"post_tag","embeddable":true,"href":"https:\/\/tamtamdesbaronnies.com\/wordpress\/wp-json\/wp\/v2\/tags?post=462"}],"curies":[{"name":"wp","href":"https:\/\/api.w.org\/{rel}","templated":true}]}}