{"id":1569,"date":"2020-02-20T15:13:46","date_gmt":"2020-02-20T14:13:46","guid":{"rendered":"http:\/\/letamtamdesbaronnies.blog\/?p=1569"},"modified":"2020-05-19T10:32:14","modified_gmt":"2020-05-19T08:32:14","slug":"festival-parfum-de-jazz-2020","status":"publish","type":"post","link":"https:\/\/tamtamdesbaronnies.com\/wordpress\/2020\/02\/20\/festival-parfum-de-jazz-2020\/","title":{"rendered":"LE FESTIVAL PARFUM DE JAZZ 2020 EST ANNULE"},"content":{"rendered":"<p align=\"LEFT\"><img loading=\"lazy\" decoding=\"async\" class=\"alignnone size-medium wp-image-1604 aligncenter\" src=\"http:\/\/tamtamdesbaronnies.com\/wordpress\/wp-content\/uploads\/2020\/02\/pdj_logo_noir_vecto-1.jpg?w=300\" alt=\"\" width=\"300\" height=\"223\" srcset=\"https:\/\/tamtamdesbaronnies.com\/wordpress\/wp-content\/uploads\/2020\/02\/pdj_logo_noir_vecto-1.jpg 1200w, https:\/\/tamtamdesbaronnies.com\/wordpress\/wp-content\/uploads\/2020\/02\/pdj_logo_noir_vecto-1-300x223.jpg 300w, https:\/\/tamtamdesbaronnies.com\/wordpress\/wp-content\/uploads\/2020\/02\/pdj_logo_noir_vecto-1-1024x760.jpg 1024w, https:\/\/tamtamdesbaronnies.com\/wordpress\/wp-content\/uploads\/2020\/02\/pdj_logo_noir_vecto-1-768x570.jpg 768w\" sizes=\"auto, (max-width: 300px) 85vw, 300px\" \/><\/p>\n<p align=\"LEFT\"><strong>Pour la premi\u00e8re fois apr\u00e8s vingt-et-une \u00e9ditions successives de Parfum de jazz, les organisateurs ont \u00e9t\u00e9 amen\u00e9s \u00e0 annuler l&rsquo;\u00e9dition 2020, et \u00e0 la reporter \u00e0 l&rsquo;ann\u00e9e prochaine dans une programmation identique, sous la r\u00e9serve bien s\u00fbr de la disponibilit\u00e9 des artistes aux nouvelles dates envisag\u00e9es pour la 22<sup>\u00e8me<\/sup> \u00e9dition du festival\u00a0: soit du dimanche 15 au samedi 28 ao\u00fbt 2021.<\/strong><\/p>\n<p align=\"LEFT\"><strong>Vous trouverez ci-dessous l&rsquo;article de pr\u00e9sentation et la pr\u00e9sentation de l&rsquo;\u00e9dition 2020 annul\u00e9e.<\/strong><\/p>\n<p align=\"LEFT\">Pour la 3 \u00e8me ann\u00e9e cons\u00e9cutive, les Ladies du jazz sont \u00e0 l\u2019honneur. Elles seront sur toutes les sc\u00e8nes du festival, dont l\u2019itin\u00e9rance traversera la Dr\u00f4me proven\u00e7ale pour vous conduire d\u2019une semaine \u00e0 l\u2019autre, entre le 9 et le 22 ao\u00fbt, des Baronnies au Tricastin. De Leila Olivesi \u2013 coup de c\u0153ur de l\u2019acad\u00e9mie Charles-Cros cette ann\u00e9e \u2013 \u00e0 la t\u00eate de son nonet en 1\u00e8re semaine, \u00e0 Liz McComb en 2\u00e8me semaine, Parfum de jazz s\u2019honore de pr\u00e9senter treize formations toutes dirig\u00e9es par des femmes en provenance de France, d&rsquo;Europe\u2026 et du monde ! Ainsi l\u2019International Jazz Ladies Festival est-il heureux de recevoir les Etats-uniennes Champian Fulton, Myra Melford, Liz McComb, Lauren Newton venue d\u2019Allemagne, la Canadienne Rachel Therrien, la Syrienne Na\u00efssam Jalal, la Franco-Syrienne Climene Zarkan (Sar\u00e4b), les Fran\u00e7aises Gabrielle Koehlhoeffer, M\u00e9lanie Dahan, Carine Bonnefoy (artiste G\u00e9n\u00e9ration Spedidam) ainsi que diverses formations dirig\u00e9es par des musiciennes : Nefertiti, Banan&rsquo;N&rsquo;Jug\u2026<\/p>\n<figure id=\"attachment_1572\" aria-describedby=\"caption-attachment-1572\" style=\"width: 300px\" class=\"wp-caption aligncenter\"><img loading=\"lazy\" decoding=\"async\" class=\"wp-image-1572 size-newspack-article-block-portrait-small\" src=\"http:\/\/tamtamdesbaronnies.com\/wordpress\/wp-content\/uploads\/2020\/02\/pdej-affiche20-1-1.jpg?w=300&amp;h=400&amp;crop=1\" alt=\"\" width=\"300\" height=\"400\" \/><figcaption id=\"caption-attachment-1572\" class=\"wp-caption-text\">Bruno Th\u00e9ry signe de nouveau l&rsquo;affiche de l&rsquo;\u00e9dition 2020<\/figcaption><\/figure>\n<p align=\"LEFT\">Une mention particuli\u00e8re revient \u00e0 Jo\u00eblle L\u00e9andre, qui fait voyager sa contrebasse autour du monde depuis plus de 40 ans et qui sera pour la premi\u00e8re fois sur la sc\u00e8ne de Parfum de jazz avec un trio franco-am\u00e9ricain in\u00e9dit r\u00e9uni par ses soins. Enfin, pour finir le festival en beaut\u00e9, la diva Liz Mc Comb et son trio de stars Etats-uniennes et le Duke Orchestra de Laurent Mignard qui offrira au public son Duke Ladies, hommage \u00e0 la musique de Duke Ellington, \u00e0 ses chanteuses et ses musiciens immortels. Conf\u00e9rences et discussions sur la place des femmes dans le jazz et au-del\u00e0 sur les questions de genre (\u00f4 combien d\u2019actualit\u00e9!), compl\u00e9teront le riche programme de cette 22\u00e8me \u00e9dition.<\/p>\n<h3 style=\"text-align: center;\" align=\"LEFT\"><strong>LE FESTIVAL EN QUELQUES CHIFFRES<\/strong><\/h3>\n<ul>\n<li><span style=\"font-family: PTSans-Bold;\"><b>13 CONCERTS<\/b><\/span><\/li>\n<li><strong>80 ARTISTES<\/strong><\/li>\n<li><span style=\"font-family: PTSans-Bold;\"><b>DES CONCERTS \u00ab\u00a0JAZZ AU VILLAGE<\/b><\/span><span style=\"font-family: PTSans-Regular;\">\u00a0\u00bb GRATUITS<\/span><\/li>\n<li><span style=\"font-family: PTSans-Bold;\"><b>DEUX EXPOSITIONS DE PHOTOGRAPHIES \u00ab\u00a050 ANS DE JAZZ \u00e0 BUIS\u00a0\u00bb <\/b><\/span><span style=\"font-family: PTSans-Regular;\">ET <\/span><b><span style=\"font-family: PTSans-Bold;\">\u00ab\u00a0LADIES DU JAZZ\u00a0\u00bb<\/span><\/b><\/li>\n<li><span style=\"font-family: PTSans-Bold;\"><b>DES CONF\u00c9RENCES <\/b><\/span><span style=\"font-family: PTSans-Regular;\">&amp; <\/span><b><span style=\"font-family: PTSans-Bold;\">DISCUSSIONS <\/span><\/b><span style=\"font-family: PTSans-Regular;\">SUR LA PLACE DES FEMMES DANS LE JAZZ <\/span>ANIM\u00c9ES PAR DES EXPERTS DU JAZZ<\/li>\n<li><span style=\"font-family: PTSans-Bold;\"><b>UNE \u00c9QUIPE DE 80 B\u00c9N\u00c9VOLES <\/b><\/span><span style=\"font-family: PTSans-Regular;\"><strong>PASSIONN\u00c9S<\/strong><\/span><\/li>\n<li><span style=\"font-family: PTSans-Bold;\"><b>10 000 SPECTATEURS<\/b> <\/span><strong><span style=\"font-family: PTSans-Regular;\">PAR \u00c9DITION<\/span><\/strong><\/li>\n<\/ul>\n<p>LA PROGRAMMATION &amp; LES TARIFS<strong><br \/>\n<\/strong><\/p>\n<p style=\"text-align: left;\" align=\"LEFT\"><strong>Dimanche 9 aout \u00e0 19h30 \u00e0 Saint-Ferreol-Trente-Pas. <\/strong><strong>Concert organis\u00e9 au profit de la lutte contre la mucoviscidose .<\/strong><br \/>\n<strong>Banan\u2019N Jug<\/strong> &#8211; Laure Colson (banjo, chant), Marine Fourest (contrebasse et chant), Caroline Sentis (kazo et chant), Natacha Ghaddar (washboard et chant).<br \/>\n<strong>Entr\u00e9e libre.<\/strong><\/p>\n<figure id=\"attachment_1640\" aria-describedby=\"caption-attachment-1640\" style=\"width: 300px\" class=\"wp-caption alignnone\"><img loading=\"lazy\" decoding=\"async\" class=\"size-medium wp-image-1640\" src=\"http:\/\/tamtamdesbaronnies.com\/wordpress\/wp-content\/uploads\/2020\/02\/Banannjug-300x150.jpg\" alt=\"\" width=\"300\" height=\"150\" srcset=\"https:\/\/tamtamdesbaronnies.com\/wordpress\/wp-content\/uploads\/2020\/02\/Banannjug-300x150.jpg 300w, https:\/\/tamtamdesbaronnies.com\/wordpress\/wp-content\/uploads\/2020\/02\/Banannjug-1024x512.jpg 1024w, https:\/\/tamtamdesbaronnies.com\/wordpress\/wp-content\/uploads\/2020\/02\/Banannjug-768x384.jpg 768w, https:\/\/tamtamdesbaronnies.com\/wordpress\/wp-content\/uploads\/2020\/02\/Banannjug.jpg 1200w\" sizes=\"auto, (max-width: 300px) 85vw, 300px\" \/><figcaption id=\"caption-attachment-1640\" class=\"wp-caption-text\">Banan&rsquo;n&rsquo;Jug<\/figcaption><\/figure>\n<p style=\"text-align: left;\" align=\"LEFT\"><strong>Lundi 10 aout \u00e0 21h \u00e0 Mollans-sur-Ouveze, th\u00e9\u00e2tre de verdure.<\/strong><br \/>\n<strong>\u00ab\u00a0Champian Fulton trio\u00a0\u00bb<\/strong> avec Champian Fulton (piano, voix) et Scott Hamilton (saxophone t\u00e9nor).<br \/>\n<strong>TP 18 \u20ac \/ TR 14 \u20ac<\/strong><\/p>\n<figure id=\"attachment_1644\" aria-describedby=\"caption-attachment-1644\" style=\"width: 300px\" class=\"wp-caption alignnone\"><img loading=\"lazy\" decoding=\"async\" class=\"size-medium wp-image-1644\" src=\"http:\/\/tamtamdesbaronnies.com\/wordpress\/wp-content\/uploads\/2020\/02\/Champian-Fulton-photo-Janice-Yi-1-300x199.jpg\" alt=\"\" width=\"300\" height=\"199\" srcset=\"https:\/\/tamtamdesbaronnies.com\/wordpress\/wp-content\/uploads\/2020\/02\/Champian-Fulton-photo-Janice-Yi-1-300x199.jpg 300w, https:\/\/tamtamdesbaronnies.com\/wordpress\/wp-content\/uploads\/2020\/02\/Champian-Fulton-photo-Janice-Yi-1-1024x680.jpg 1024w, https:\/\/tamtamdesbaronnies.com\/wordpress\/wp-content\/uploads\/2020\/02\/Champian-Fulton-photo-Janice-Yi-1-768x510.jpg 768w, https:\/\/tamtamdesbaronnies.com\/wordpress\/wp-content\/uploads\/2020\/02\/Champian-Fulton-photo-Janice-Yi-1-1200x797.jpg 1200w, https:\/\/tamtamdesbaronnies.com\/wordpress\/wp-content\/uploads\/2020\/02\/Champian-Fulton-photo-Janice-Yi-1.jpg 1500w\" sizes=\"auto, (max-width: 300px) 85vw, 300px\" \/><figcaption id=\"caption-attachment-1644\" class=\"wp-caption-text\">champian Fulton<\/figcaption><\/figure>\n<p align=\"LEFT\"><strong>Mardi 11 ao\u00fbt \u00e0 21h \u00e0 Montbrun-les-Bains, place du beffroi.<\/strong><br \/>\n<strong>Gasy Jazz Project<\/strong> avec Gabrielle Randrian Koehlhoeffer (contrebasse), Daniel Moreau (piano), Fabrice Thompson (percussions).<br \/>\n<strong>TP 18 \u20ac \/ TR 14 \u20ac<\/strong><\/p>\n<p align=\"LEFT\"><strong>Mercredi 12 aout \u00e0 21h \u00e0 Buis-les-Baronnies, th\u00e9\u00e2tre de plein air de La Palun.<\/strong><br \/>\n<strong>\u00ab\u00a0SAR\u0100B\u00a0\u00bb<\/strong> avec Climene Zarkan (voix), Thibault Gomez (piano Fender Rhodes, voix), Baptiste Ferrandis (guitare), Robinson Khoury (trombone, voix), Timothee Robert (basse \u00e9lectrique) et Paul Berne (batterie).<br \/>\n<strong>TP 20 \u20ac \/ TR 16 \u20ac<\/strong><\/p>\n<p align=\"LEFT\"><strong>Jeudi 13 aout \u00e0 21h \u00e0 Buis-les-Baronnies, th\u00e9\u00e2tre de plein air de La Palun. \u00ab\u00a0CARINE BONNEFOY TRIO\u00a0\u00bb<\/strong> avec Carine Bonnefoy (piano), Felipe Cabrera (contrebasse) et Julie Saury (batterie).<br \/>\n<strong>\u00a0et JOELLE LEANDRE \/ MYRA MELFORD \/ LAUREN NEWTON TRIO.<\/strong>TP 20 \u20ac \/ <strong>TP 20 \u20ac \/ TR 16 \u20ac<\/strong><\/p>\n<figure id=\"attachment_1607\" aria-describedby=\"caption-attachment-1607\" style=\"width: 300px\" class=\"wp-caption aligncenter\"><img loading=\"lazy\" decoding=\"async\" class=\"wp-image-1607 size-medium\" src=\"http:\/\/tamtamdesbaronnies.com\/wordpress\/wp-content\/uploads\/2020\/02\/leilaolivesiphotosolc2bfne-person-1.jpg?w=300\" alt=\"\" width=\"300\" height=\"300\" \/><figcaption id=\"caption-attachment-1607\" class=\"wp-caption-text\">Le\u00efla Olivesi nonet \u00e0 Buis les Baronnies le vendredi 14 ao\u00fbt \u00ab\u00a0Suite Andamane\u00a0\u00bb.<\/figcaption><\/figure>\n<p align=\"LEFT\"><strong>Vendredi 14 aout \u00e0 21h \u00e0\u00a0 Buis-les-Baronnies, th\u00e9\u00e2tre de plein air de La Palun.<br \/>\n\u00ab\u00a0LEILA OLIVESI nonet\u00a0\u00bb<\/strong> avec Leila Olivesi (piano), Quentin Ghomari (trompette), Baptiste Herbin (sax alto, flute), Adrien Sanchez (sax tenor), Jean-Charles Richard (sax baryton), Glenn Ferris (trombone), Manu Codjia (guitare), Yoni Zelnik (contrebasse), Donald Kontomanou (batterie) et Chloe Cailleton (chant).<br \/>\n<strong>TP 20 \u20ac \/ TR 16 \u20ac<\/strong><\/p>\n<figure id=\"attachment_1649\" aria-describedby=\"caption-attachment-1649\" style=\"width: 296px\" class=\"wp-caption alignnone\"><img loading=\"lazy\" decoding=\"async\" class=\"size-medium wp-image-1649\" src=\"http:\/\/tamtamdesbaronnies.com\/wordpress\/wp-content\/uploads\/2020\/02\/Melanie-Dahan_copyright-Renaud-Lehiany-2-296x300.jpg\" alt=\"\" width=\"296\" height=\"300\" srcset=\"https:\/\/tamtamdesbaronnies.com\/wordpress\/wp-content\/uploads\/2020\/02\/Melanie-Dahan_copyright-Renaud-Lehiany-2-296x300.jpg 296w, https:\/\/tamtamdesbaronnies.com\/wordpress\/wp-content\/uploads\/2020\/02\/Melanie-Dahan_copyright-Renaud-Lehiany-2-1011x1024.jpg 1011w, https:\/\/tamtamdesbaronnies.com\/wordpress\/wp-content\/uploads\/2020\/02\/Melanie-Dahan_copyright-Renaud-Lehiany-2-768x778.jpg 768w, https:\/\/tamtamdesbaronnies.com\/wordpress\/wp-content\/uploads\/2020\/02\/Melanie-Dahan_copyright-Renaud-Lehiany-2-1516x1536.jpg 1516w, https:\/\/tamtamdesbaronnies.com\/wordpress\/wp-content\/uploads\/2020\/02\/Melanie-Dahan_copyright-Renaud-Lehiany-2-1200x1216.jpg 1200w, https:\/\/tamtamdesbaronnies.com\/wordpress\/wp-content\/uploads\/2020\/02\/Melanie-Dahan_copyright-Renaud-Lehiany-2.jpg 1548w\" sizes=\"auto, (max-width: 296px) 85vw, 296px\" \/><figcaption id=\"caption-attachment-1649\" class=\"wp-caption-text\">M\u00e9lanie DAhan<\/figcaption><\/figure>\n<p align=\"LEFT\"><strong>Samedi 15 aout \u00e0 21h \u00e0 Buis-les-Baronnies, th\u00e9\u00e2tre de plein air de La Palun. MELANIE DAHAN Quintet<\/strong> <strong>\u226a LE CHANT DES POSSIBLES \u226b<\/strong> avec M\u00e9lanie Dahan (voix), Jeremy Hababou (piano), Jeremy Bruyere, (contrebasse, basse),\u00a0 Arthur Alard (batterie) et Benjamin Petit (saxophone).<br \/>\n<strong>TP 20 \u20ac \/ TR 16 \u20ac<\/strong><\/p>\n<figure id=\"attachment_1608\" aria-describedby=\"caption-attachment-1608\" style=\"width: 300px\" class=\"wp-caption aligncenter\"><img loading=\"lazy\" decoding=\"async\" class=\"size-medium wp-image-1608\" src=\"http:\/\/tamtamdesbaronnies.com\/wordpress\/wp-content\/uploads\/2020\/02\/naissam-jalal-by-alexandre-lacombe-hd-1.jpg?w=300\" alt=\"\" width=\"300\" height=\"300\" \/><figcaption id=\"caption-attachment-1608\" class=\"wp-caption-text\">Naissam-Jalal \u00e0 La Garde Adh\u00e9mar le 18 ao\u00fbt \u00ab\u00a0Quest of the invisible\u00a0\u00bb<\/figcaption><\/figure>\n<p align=\"LEFT\"><strong>Mardi 18 aout\u00e0 21h \u00e0 La Garde-Adhemar.<\/strong><br \/>\n<strong>NAISSAM JALAL \u226a Quest of the Invisible \u226b<\/strong> avec Naissam Jalal (flute, voix, Roberto Montana (piano) et Claude Tchamitchian (contrebasse).<br \/>\n<strong>TP 20 \u20ac \/ TR 16 \u20ac<\/strong><\/p>\n<p align=\"LEFT\"><strong>Mercredi 19 aout \u00e0 21h \u00e0 La Garde-Adhemar.<\/strong><br \/>\n<strong>\u00ab\u00a0QUARTET NEFERTITI\u00a0\u00bb<\/strong> avec Delphine Deau (piano, composition), Camille Maussion (saxophone), Pedro Ivo Ferreira (contrebasse) et Pierre Demange (batterie).<br \/>\n<strong>TP 20 \u20ac \/ TR 16 \u20ac<\/strong><\/p>\n<p><img loading=\"lazy\" decoding=\"async\" class=\"wp-image-1606 size-newspack-article-block-landscape-small\" src=\"http:\/\/tamtamdesbaronnies.com\/wordpress\/wp-content\/uploads\/2020\/02\/lizmccomb-1-1.jpg?w=400&amp;h=300&amp;crop=1\" alt=\"\" width=\"400\" height=\"300\" \/><\/p>\n<p align=\"LEFT\"><strong>Jeudi 20 aout \u00e0 21h \u00e0 Pierrelatte<\/strong><br \/>\n<strong>La \u00ab\u00a0Reine du gospel, LIZ McCOMB, pianiste et vocaliste, avec Ronald Baker (trompette) et Reggie Washington (contrebasse)<br \/>\nTP 30 \u20ac \/ TR 25 \u20ac<\/strong><\/p>\n<figure id=\"attachment_1645\" aria-describedby=\"caption-attachment-1645\" style=\"width: 300px\" class=\"wp-caption alignnone\"><img loading=\"lazy\" decoding=\"async\" class=\"size-medium wp-image-1645\" src=\"http:\/\/tamtamdesbaronnies.com\/wordpress\/wp-content\/uploads\/2020\/02\/Rachel-Therrien-300x200.jpeg\" alt=\"\" width=\"300\" height=\"200\" srcset=\"https:\/\/tamtamdesbaronnies.com\/wordpress\/wp-content\/uploads\/2020\/02\/Rachel-Therrien-300x200.jpeg 300w, https:\/\/tamtamdesbaronnies.com\/wordpress\/wp-content\/uploads\/2020\/02\/Rachel-Therrien-1024x683.jpeg 1024w, https:\/\/tamtamdesbaronnies.com\/wordpress\/wp-content\/uploads\/2020\/02\/Rachel-Therrien-768x512.jpeg 768w, https:\/\/tamtamdesbaronnies.com\/wordpress\/wp-content\/uploads\/2020\/02\/Rachel-Therrien-1536x1024.jpeg 1536w, https:\/\/tamtamdesbaronnies.com\/wordpress\/wp-content\/uploads\/2020\/02\/Rachel-Therrien-2048x1365.jpeg 2048w, https:\/\/tamtamdesbaronnies.com\/wordpress\/wp-content\/uploads\/2020\/02\/Rachel-Therrien-1200x800.jpeg 1200w\" sizes=\"auto, (max-width: 300px) 85vw, 300px\" \/><figcaption id=\"caption-attachment-1645\" class=\"wp-caption-text\">Rachel Therrien<\/figcaption><\/figure>\n<p align=\"LEFT\"><strong>Vendredi 21 aout \u00e0 21h \u00e0 Saint-Paul-Trois-Chateaux.<\/strong><br \/>\n<strong>\u00ab\u00a0RACHEL THERRIEN quartet\u00a0\u00bb<\/strong> avec Rachel Therrien (trompette, bugle), Daniel Gassin (piano), Dario Guibert (contrebasse), Mareike Wiening (batterie).<br \/>\n<strong>TP 20 \u20ac \/ TR 16 \u20ac<\/strong><\/p>\n<figure id=\"attachment_1639\" aria-describedby=\"caption-attachment-1639\" style=\"width: 300px\" class=\"wp-caption alignnone\"><img loading=\"lazy\" decoding=\"async\" class=\"size-medium wp-image-1639\" src=\"http:\/\/tamtamdesbaronnies.com\/wordpress\/wp-content\/uploads\/2020\/02\/Duke-Ladies-300x182.jpg\" alt=\"\" width=\"300\" height=\"182\" srcset=\"https:\/\/tamtamdesbaronnies.com\/wordpress\/wp-content\/uploads\/2020\/02\/Duke-Ladies-300x182.jpg 300w, https:\/\/tamtamdesbaronnies.com\/wordpress\/wp-content\/uploads\/2020\/02\/Duke-Ladies-1024x622.jpg 1024w, https:\/\/tamtamdesbaronnies.com\/wordpress\/wp-content\/uploads\/2020\/02\/Duke-Ladies-768x467.jpg 768w, https:\/\/tamtamdesbaronnies.com\/wordpress\/wp-content\/uploads\/2020\/02\/Duke-Ladies-1536x933.jpg 1536w, https:\/\/tamtamdesbaronnies.com\/wordpress\/wp-content\/uploads\/2020\/02\/Duke-Ladies-1200x729.jpg 1200w, https:\/\/tamtamdesbaronnies.com\/wordpress\/wp-content\/uploads\/2020\/02\/Duke-Ladies.jpg 2048w\" sizes=\"auto, (max-width: 300px) 85vw, 300px\" \/><figcaption id=\"caption-attachment-1639\" class=\"wp-caption-text\">Duke Ladies<\/figcaption><\/figure>\n<p align=\"LEFT\"><strong>Samedi 22 aout \u00e0 21h \u00e0 Saint-Paul-Trois-Chateaux.<\/strong><br \/>\n<strong>\u00ab\u00a0DUKE ORCHESTRA\u00a0\u00bb \u226a DUKE LADIES \u226b<\/strong> et ses invit\u00e9s Sylvia Howard (vocal) et Rachelle Plas (harmonica) et le Big band compos\u00e9 de Olivier Defays (sax alto), Aurelie Tropez (sax alto, clarinette), Matthieu Vernhes (sax tenor), Carl Schlosser (sax tenor), Renan Richard (sax baryton), Claude Egea (trompette), Gilles Relisieux (trompette), Michel Bonnet (trompette), Richard Blanchet (trompette), Nicolas Grymonprez (trombone), Michael Ballue (trombone), Jerry Edwards (trombone), Philippe Milanta (piano), Bruno Rousselet (contrebasse), Julie Saury (batterie), Laurent Mignard (direction).<br \/>\n<strong>TP 30 \u20ac \/ TR 25\u20ac<\/strong><\/p>\n<p style=\"text-align: center;\">Tarif r\u00e9duit : ch\u00f4meurs \/ groupe +10 personnes.<br \/>\nTarif jeune -25 ans : 5 \u20ac pour toutes les soir\u00e9es.<br \/>\nTarif gratuit : &#8211; 14 ans \/ handicapes pour toutes les soir\u00e9es<br \/>\n<span lang=\"JA\" style=\"font-family: Calibri;\">Billetterie en ligne <a href=\"https:\/\/www.billetweb.fr\/festival-parfum-de-jazz-2020\">https:\/\/www.billetweb.fr\/festival-parfum-de-jazz-2020<\/a>.<br \/>\nDans les offices de tourisme.<br \/>\nSur place le soir du concert.<br \/>\n<\/span>Site Internet : <a href=\"https:\/\/www.parfumdejazz.com\"><span lang=\"JA\">www.parfumdejazz.com<\/span><\/a><\/p>\n","protected":false},"excerpt":{"rendered":"<p>Pour la premi\u00e8re fois apr\u00e8s vingt-et-une \u00e9ditions successives de Parfum de jazz, les organisateurs ont \u00e9t\u00e9 amen\u00e9s \u00e0 annuler l&rsquo;\u00e9dition 2020, et \u00e0 la reporter \u00e0 l&rsquo;ann\u00e9e prochaine dans une programmation identique, sous la r\u00e9serve bien s\u00fbr de la disponibilit\u00e9 des artistes aux nouvelles dates envisag\u00e9es pour la 22\u00e8me \u00e9dition du festival\u00a0: soit du dimanche &hellip; <a href=\"https:\/\/tamtamdesbaronnies.com\/wordpress\/2020\/02\/20\/festival-parfum-de-jazz-2020\/\" class=\"more-link\">Continuer la lecture<span class=\"screen-reader-text\"> de &laquo;&nbsp;LE FESTIVAL PARFUM DE JAZZ 2020 EST ANNULE&nbsp;&raquo;<\/span><\/a><\/p>\n","protected":false},"author":2,"featured_media":0,"comment_status":"open","ping_status":"open","sticky":false,"template":"","format":"standard","meta":{"spay_email":"","footnotes":""},"categories":[6,4,15],"tags":[],"class_list":["post-1569","post","type-post","status-publish","format-standard","hentry","category-actualite-des-baronnies","category-musique","category-parfum-de-jazz"],"jetpack_featured_media_url":"","_links":{"self":[{"href":"https:\/\/tamtamdesbaronnies.com\/wordpress\/wp-json\/wp\/v2\/posts\/1569","targetHints":{"allow":["GET"]}}],"collection":[{"href":"https:\/\/tamtamdesbaronnies.com\/wordpress\/wp-json\/wp\/v2\/posts"}],"about":[{"href":"https:\/\/tamtamdesbaronnies.com\/wordpress\/wp-json\/wp\/v2\/types\/post"}],"author":[{"embeddable":true,"href":"https:\/\/tamtamdesbaronnies.com\/wordpress\/wp-json\/wp\/v2\/users\/2"}],"replies":[{"embeddable":true,"href":"https:\/\/tamtamdesbaronnies.com\/wordpress\/wp-json\/wp\/v2\/comments?post=1569"}],"version-history":[{"count":4,"href":"https:\/\/tamtamdesbaronnies.com\/wordpress\/wp-json\/wp\/v2\/posts\/1569\/revisions"}],"predecessor-version":[{"id":1685,"href":"https:\/\/tamtamdesbaronnies.com\/wordpress\/wp-json\/wp\/v2\/posts\/1569\/revisions\/1685"}],"wp:attachment":[{"href":"https:\/\/tamtamdesbaronnies.com\/wordpress\/wp-json\/wp\/v2\/media?parent=1569"}],"wp:term":[{"taxonomy":"category","embeddable":true,"href":"https:\/\/tamtamdesbaronnies.com\/wordpress\/wp-json\/wp\/v2\/categories?post=1569"},{"taxonomy":"post_tag","embeddable":true,"href":"https:\/\/tamtamdesbaronnies.com\/wordpress\/wp-json\/wp\/v2\/tags?post=1569"}],"curies":[{"name":"wp","href":"https:\/\/api.w.org\/{rel}","templated":true}]}}