{"id":1434,"date":"2017-05-20T16:12:37","date_gmt":"2017-05-20T15:12:37","guid":{"rendered":"http:\/\/tamtamdesbaronnies.blog.lemonde.fr\/?p=1434"},"modified":"2017-05-20T16:12:37","modified_gmt":"2017-05-20T15:12:37","slug":"lhopital-est-loin-detre-sauve-et-les-financements-ny-sont-pas","status":"publish","type":"post","link":"https:\/\/tamtamdesbaronnies.com\/wordpress\/2017\/05\/20\/lhopital-est-loin-detre-sauve-et-les-financements-ny-sont-pas\/","title":{"rendered":"\u00ab L&rsquo;h\u00f4pital est loin d&rsquo;\u00eatre sauv\u00e9 et les financements n&rsquo;y sont pas ! \u00bb"},"content":{"rendered":"<figure id=\"attachment_1435\" aria-describedby=\"caption-attachment-1435\" style=\"width: 500px\" class=\"wp-caption aligncenter\"><img loading=\"lazy\" decoding=\"async\" class=\"size-full wp-image-1435\" src=\"http:\/\/tamtamdesbaronnies.com\/wordpress\/wp-content\/uploads\/2017\/05\/132a3-hc3b4pital-manif20.jpg\" alt=\"\" width=\"500\" height=\"331\" srcset=\"https:\/\/tamtamdesbaronnies.com\/wordpress\/wp-content\/uploads\/2017\/05\/132a3-hc3b4pital-manif20.jpg 500w, https:\/\/tamtamdesbaronnies.com\/wordpress\/wp-content\/uploads\/2017\/05\/132a3-hc3b4pital-manif20-300x199.jpg 300w\" sizes=\"auto, (max-width: 500px) 85vw, 500px\" \/><figcaption id=\"caption-attachment-1435\" class=\"wp-caption-text\">Pr\u00e9s de 700 personnes ont d\u00e9fil\u00e9 de l\u2019h\u00f4pital au Quinconce.<\/figcaption><\/figure>\n<p style=\"text-align:justify;\"><strong>BUIS-LES-BARONNIES\u00a0 &#8211;\u00a0 700 personnes manifestent col\u00e8re et incompr\u00e9hension devant le blocage du projet de r\u00e9habilitation de l\u2019h\u00f4pital local.<\/strong><\/p>\n<figure id=\"attachment_1436\" aria-describedby=\"caption-attachment-1436\" style=\"width: 500px\" class=\"wp-caption aligncenter\"><img loading=\"lazy\" decoding=\"async\" class=\"size-full wp-image-1436\" src=\"http:\/\/tamtamdesbaronnies.com\/wordpress\/wp-content\/uploads\/2017\/05\/4359c-img_7362.jpg\" alt=\"\" width=\"500\" height=\"259\" srcset=\"https:\/\/tamtamdesbaronnies.com\/wordpress\/wp-content\/uploads\/2017\/05\/4359c-img_7362.jpg 500w, https:\/\/tamtamdesbaronnies.com\/wordpress\/wp-content\/uploads\/2017\/05\/4359c-img_7362-300x155.jpg 300w\" sizes=\"auto, (max-width: 500px) 85vw, 500px\" \/><figcaption id=\"caption-attachment-1436\" class=\"wp-caption-text\">Une cinquantaine d\u2019\u00e9lus dont une trentaine d\u2019\u00e9charpes tricolores \u00e9taient pr\u00e9sentes<\/figcaption><\/figure>\n<p style=\"text-align:justify;\">La manifestation lanc\u00e9e par le comit\u00e9 de soutien de l\u2019h\u00f4pital pr\u00e9sid\u00e9 par Jean-Pierre Buix a r\u00e9uni hier en fin de matin\u00e9e pr\u00e8s de 700 personnes parmi lesquelles une trentaine de maires et \u00e9lus portant \u00e9charpes tricolores. L\u2019imposant cort\u00e8ge, traversait les rues du village derri\u00e8re une joyeuse batucada pour relier l\u2019\u00e9tablissement \u00e0 la\u00a0place du Quinconce.<\/p>\n<figure id=\"attachment_1438\" aria-describedby=\"caption-attachment-1438\" style=\"width: 500px\" class=\"wp-caption aligncenter\"><img loading=\"lazy\" decoding=\"async\" class=\"size-full wp-image-1438\" src=\"http:\/\/tamtamdesbaronnies.com\/wordpress\/wp-content\/uploads\/2017\/05\/d2b2c-img_7383.jpg\" alt=\"\" width=\"500\" height=\"333\" srcset=\"https:\/\/tamtamdesbaronnies.com\/wordpress\/wp-content\/uploads\/2017\/05\/d2b2c-img_7383.jpg 500w, https:\/\/tamtamdesbaronnies.com\/wordpress\/wp-content\/uploads\/2017\/05\/d2b2c-img_7383-300x200.jpg 300w\" sizes=\"auto, (max-width: 500px) 85vw, 500px\" \/><figcaption id=\"caption-attachment-1438\" class=\"wp-caption-text\">Pascale Rochas, Marie Pierre Monier et Didier-Claude Blanc prirent la parole devant l&rsquo;H\u00f4pital.<\/figcaption><\/figure>\n<p style=\"text-align:justify;\">De nombreuses banderoles ironiques brocardaient le pr\u00e9sident du conseil d\u00e9partemental,\u00a0\u00ab\u00a0Des ronds-points, mais pas de ronds pour les soins\u00a0\u00bb, \u00ab\u00a0Bretelles d\u2019autoroute ou ceinture d\u2019h\u00f4pital\u00a0\u00bb, \u00ab\u00a0L\u2019h\u00f4pital se d\u00e9grade, que fait le conseil g\u00e9n\u00e9ral\u00a0\u00bb, \u00ab\u00a0Labaune ne nous a pas \u00e0 la bonne\u00a0\u00bb, \u00ab\u00a0La baune blague\u00a0\u00bb. Des photos de r\u00e9sidents de l\u2019EHPAD s\u2019affichaient en grand format avec le slogan \u00ab\u00a0Parce que je le vaux bien\u00a0\u00bb et la foule bonne enfant reprenait en ch\u0153ur une parodie de la chanson des \u00ab\u00a0Enfoir\u00e9es\u00a0\u00bb affirmant \u00ab\u00a0qu\u2019aujourd\u2019hui \u00e0 Buis-les-Baronnies, la sant\u00e9 n\u2019a pas de prix, avec l\u2019aide du d\u00e9partement nous soignerons plus longtemps\u2026\u00a0\u00bb.<\/p>\n<p style=\"text-align:justify;\"><img loading=\"lazy\" decoding=\"async\" class=\"aligncenter size-full wp-image-1439\" src=\"http:\/\/tamtamdesbaronnies.com\/wordpress\/wp-content\/uploads\/2017\/05\/742d3-img_7400.jpg\" alt=\"\" width=\"500\" height=\"333\" srcset=\"https:\/\/tamtamdesbaronnies.com\/wordpress\/wp-content\/uploads\/2017\/05\/742d3-img_7400.jpg 500w, https:\/\/tamtamdesbaronnies.com\/wordpress\/wp-content\/uploads\/2017\/05\/742d3-img_7400-300x200.jpg 300w\" sizes=\"auto, (max-width: 500px) 85vw, 500px\" \/>Mais le temps fort de la manifestation fut celui des prises de paroles. Devant l\u2019h\u00f4pital, par la conseill\u00e8re d\u00e9partementale Pascale Rochas, la s\u00e9natrice maire de Vinsobres Marie Pierre Monier et le conseiller r\u00e9gional Didier-Claude Blanc, puis sur le podium de la place du Quinconce le maire S\u00e9bastien Bernard s&rsquo;exprimait et Jean Pierre Buix concluait avec la fougue (et le sens de la mod\u00e9ration) qu&rsquo;on lui connait&#8230;<\/p>\n<figure id=\"attachment_1441\" aria-describedby=\"caption-attachment-1441\" style=\"width: 500px\" class=\"wp-caption aligncenter\"><img loading=\"lazy\" decoding=\"async\" class=\"size-full wp-image-1441\" src=\"http:\/\/tamtamdesbaronnies.com\/wordpress\/wp-content\/uploads\/2017\/05\/68146-hc3b4pital-manif16.jpg\" alt=\"\" width=\"500\" height=\"426\" srcset=\"https:\/\/tamtamdesbaronnies.com\/wordpress\/wp-content\/uploads\/2017\/05\/68146-hc3b4pital-manif16.jpg 500w, https:\/\/tamtamdesbaronnies.com\/wordpress\/wp-content\/uploads\/2017\/05\/68146-hc3b4pital-manif16-300x256.jpg 300w\" sizes=\"auto, (max-width: 500px) 85vw, 500px\" \/><figcaption id=\"caption-attachment-1441\" class=\"wp-caption-text\">Jean-Pierre Buix et S\u00e9bastien Bernard sur le podium de la place du Quinconce.<\/figcaption><\/figure>\n<p style=\"text-align:justify;\">En substance, les discours rappel\u00e8rent que l&rsquo;h\u00f4pital de Buis-les-Baronnies a \u00e9t\u00e9 reconnu maillon territorial essentiel dans le r\u00e9seau de sant\u00e9 d\u00e9partemental. Son \u00e9tat vieillissant, \u00e0 la limite de l&rsquo;insalubrit\u00e9, a conduit les instances de tutelle \u00e0 reconna\u00eetre et \u00e0 d\u00e9cider voil\u00e0 d\u00e9j\u00e0 10 ans de la restructuration compl\u00e8te de l&rsquo;\u00e9tablissement. Or \u00e0 ce jour le dossier n\u2019avance pas. Il est, semble-t-il, toujours bloqu\u00e9 par le flou artistique du plan de financement de l\u2019\u00e9tablissement et notamment par l\u2019insuffisance des subventions du conseil\u00a0d\u00e9partemental dont la politique d\u2019investissement provoque la col\u00e8re et l\u2019incompr\u00e9hension dans les\u00a0Baronnies. Car plus on attend et plus l\u2019\u00e9tablissement se d\u00e9grade, plus les conditions de travail sont difficiles et plus les co\u00fbts de reconstruction augmentent. Alors, maintenant on fait quoi, Monsieur Labaune\u00a0?<\/p>\n<p><strong>Alain Bosmans<br \/>\nArticle paru dans le Dauphin\u00e9 Lib\u00e9r\u00e9 du 21 mai 2017<br \/>\n<\/strong><\/p>\n<figure id=\"attachment_1437\" aria-describedby=\"caption-attachment-1437\" style=\"width: 500px\" class=\"wp-caption aligncenter\"><img loading=\"lazy\" decoding=\"async\" class=\"size-full wp-image-1437\" src=\"http:\/\/tamtamdesbaronnies.com\/wordpress\/wp-content\/uploads\/2017\/05\/519be-dsc_9989.jpg\" alt=\"\" width=\"500\" height=\"331\" srcset=\"https:\/\/tamtamdesbaronnies.com\/wordpress\/wp-content\/uploads\/2017\/05\/519be-dsc_9989.jpg 500w, https:\/\/tamtamdesbaronnies.com\/wordpress\/wp-content\/uploads\/2017\/05\/519be-dsc_9989-300x199.jpg 300w\" sizes=\"auto, (max-width: 500px) 85vw, 500px\" \/><figcaption id=\"caption-attachment-1437\" class=\"wp-caption-text\">La foule s&rsquo;est r\u00e9unie devant l&rsquo;\u00e9tablissement en fin de matin\u00e9e.<\/figcaption><\/figure>\n<p><img loading=\"lazy\" decoding=\"async\" class=\"aligncenter size-full wp-image-1440\" src=\"http:\/\/tamtamdesbaronnies.com\/wordpress\/wp-content\/uploads\/2017\/05\/447e5-hc3b4pital-manif22.jpg\" alt=\"\" width=\"500\" height=\"331\" srcset=\"https:\/\/tamtamdesbaronnies.com\/wordpress\/wp-content\/uploads\/2017\/05\/447e5-hc3b4pital-manif22.jpg 500w, https:\/\/tamtamdesbaronnies.com\/wordpress\/wp-content\/uploads\/2017\/05\/447e5-hc3b4pital-manif22-300x199.jpg 300w\" sizes=\"auto, (max-width: 500px) 85vw, 500px\" \/><\/p>\n<h2><strong>Pour en savoir plus : Un communiqu\u00e9 du comit\u00e9 de soutien de l&rsquo;h\u00f4pital de Buis les Baronnies:<\/strong><\/h2>\n<p><b><span style=\"font-size:medium;\">24 avril 2017 <\/span><\/b><\/p>\n<p><strong>O\u00f9 en est l&rsquo;H\u00f4pital de Buis?<\/strong><\/p>\n<p>Depuis sa mise en place le 17 janvier, le Comit\u00e9 de soutien s&rsquo;est fortement investi dans la d\u00e9fense de l&rsquo;H\u00f4pital et vous avez pu en avoir un aper\u00e7u dans les diff\u00e9rents articles de presse. Jean-Pierre Buix, Pr\u00e9sident du Comit\u00e9 de Soutien, vous pr\u00e9sente un point d&rsquo;\u00e9tape afin de vous informer plus pr\u00e9cis\u00e9ment sur les discussions concernant l&rsquo;h\u00f4pital de Buis :<\/p>\n<p>En f\u00e9vrier 2016, L&rsquo;Agence R\u00e9gionale de Sant\u00e9 (ARS) et le D\u00e9partement ont valid\u00e9 le sch\u00e9ma directeur pour un montant de 23,4 millions d&rsquo;euros. Ce sch\u00e9ma entrainait la d\u00e9molition compl\u00e8te puis la reconstruction.<\/p>\n<p>En juin 2016, sous l&rsquo;impulsion du D\u00e9partement, le projet financier \u00e9tait repouss\u00e9. D\u00e9but 2017 le Comit\u00e9 de soutien \u00e9tait cr\u00e9\u00e9 pour d\u00e9fendre ce projet pourtant r\u00e9alis\u00e9 par les ing\u00e9nieurs experts de l&rsquo;ARS qui affirmaient qu&rsquo;il \u00e9tait le meilleur pour les r\u00e9sidents et le personnel.<\/p>\n<p>Devant le battage m\u00e9diatique cr\u00e9\u00e9 par le Comit\u00e9 et l&rsquo;intransigeance du D\u00e9partement, l&rsquo;ARS coupait la poire en deux et demandait \u00e0 la Directrice d&rsquo;\u00e9tudier une r\u00e9habilitation dans une enveloppe comprise entre 20 et 21 millions d&rsquo;euros. Le Conseil de surveillance acceptait cette proposition, avec de nombreuses r\u00e9serves. Le projet destruction\/reconstruction \u00e9tait totalement abandonn\u00e9. Le b\u00e2timent historique, dans lequel se trouvent la buanderie, la cuisine et les services m\u00e9decine et sanitaire ne seront plus d\u00e9molis.<\/p>\n<p><span style=\"font-size:large;\"><b>Analyse : <\/b><\/span><span style=\"font-family:Arial, Arial;font-size:large;\"><span style=\"font-family:Arial;font-size:large;\">cette version ne nous satisfait pas car les services sanitaires sont nettement d\u00e9valoris\u00e9s, sur deux \u00e9tages avec ascenseur, r\u00e9duction des salles de repos, d&rsquo;animation et de r\u00e9\u00e9ducation. <\/span><\/span><\/p>\n<p>Notre demande tr\u00e8s forte : revenir au projet directeur de 2009 et mettre dans la partie \u00ab\u00a0historique\u00a0\u00bb de 1914, toute la partie logistique et transf\u00e9rer dans les b\u00e2timents neufs, m\u00e9decine et soins de suite, rejoignant ainsi l&rsquo;Etablissement pour Personnes Ag\u00e9es D\u00e9pendantes (EHPAD).<\/p>\n<p><span style=\"font-family:Arial;\"><span style=\"font-family:Arial, Arial;font-size:large;\">Cette situation pourrait nous satisfaire et elle constituerait une victoire pour le Comit\u00e9. Inconv\u00e9nient : Cuisine et buanderie (r\u00e9nov\u00e9e il y a d\u00e9j\u00e0 20 ans) seraient les grands perdants de cette restructuration. La Directrice et les ing\u00e9nieurs vont faire face \u00e0 un v\u00e9ritable casse t\u00eate pour faire les \u00e9conomies demand\u00e9es et rentrer dans l&rsquo;enveloppe impos\u00e9es, rabotant des surfaces par ci par l\u00e0. <\/span><\/span><\/p>\n<p><span style=\"font-size:large;\"><b>Analyse financi\u00e8re : <\/b><\/span><span style=\"font-family:Arial, Arial;font-size:large;\"><span style=\"font-family:Arial;font-size:large;\">Le nouveau projet est de 21 millions, m\u00eame si une pr\u00e9conisation de rester \u00e0 20 millions est fortement recommand\u00e9e soit 15,8 millions pour l&rsquo;EHPAD (80 lits) et 5,2 millions pour la partie m\u00e9decine. <\/span><\/span><\/p>\n<p><span lang=\"ZH-TW\" style=\"font-family:Wingdings, Wingdings;font-size:large;\"><span lang=\"ZH-TW\" style=\"font-family:Wingdings;font-size:large;\">\uf0d8 <\/span><\/span><span style=\"font-family:Arial, Arial;font-size:large;\"><span style=\"font-family:Arial;font-size:large;\">Montage financier pour la partie m\u00e9decine et soins de suite (5,2 millions) non encore tranch\u00e9 <\/span><\/span><\/p>\n<p><span lang=\"ZH-TW\" style=\"font-family:Wingdings, Wingdings;font-size:large;\"><span lang=\"ZH-TW\" style=\"font-family:Wingdings;font-size:large;\">\uf0d8 <\/span><\/span><span style=\"font-family:Arial, Arial;font-size:large;\"><span style=\"font-family:Arial;font-size:large;\">Montage financier pour l&rsquo;EHPAD (15,8 millions) : &#8211; ARS : 2 millions &#8211; D\u00e9partement : 1,5 millions &#8211; Commune des Buis-les-Baronnies : 500 000 euros &#8211; Augmentation de 27% du co\u00fbt journalier sur 6 ans, \u00e0 raison de 3 \u20acpar an. On passerait de 46 \u00e0 63 \u20acpar jour. &#8211; Emprunt par l&rsquo;H\u00f4pital : il devra \u00eatre tr\u00e8s cons\u00e9quent pour permettre d&rsquo;atteindre les 15,8 millions <\/span><\/span><\/p>\n<p><span style=\"font-size:large;\"><b>1\u00e8re constatation : <\/b><\/span><span style=\"font-family:Arial, Arial;font-size:large;\"><span style=\"font-family:Arial;font-size:large;\">le faible niveau de subvention 4 millions (25% du total, moins de 10% pour le D\u00e9partement) rend difficile la r\u00e9alisation. Il faut noter que la position pingre du D\u00e9partement a d\u00e9clench\u00e9 les difficult\u00e9s de la r\u00e9novation de l&rsquo;H\u00f4pital. Il y a quelques ann\u00e9es le D\u00e9partement avait mis 1,8 millions pour la r\u00e9fection de l&rsquo;EHPAD de Nyons alors que les travaux \u00e9taient moins importants. <\/span><\/span><\/p>\n<p>Aujourd&rsquo;hui nous pouvons pratiquement affirmer que si le niveau de subvention n&rsquo;augmentait pas, les finances de l&rsquo;h\u00f4pital seraient mises en danger. L&rsquo;indispensable fonds de roulement en tr\u00e9sorerie pour payer les salaires et les fournisseurs, garder la possibilit\u00e9 d&rsquo;entretien minimal des locaux pour emp\u00eacher la d\u00e9gradation dans les 30 ann\u00e9es \u00e0 venir et \u00e9quilibrer le budget de l&rsquo;EHPAD en d\u00e9ficit chronique, seraient compromis.<\/p>\n<p>C&rsquo;est ce que nous avons expliqu\u00e9 au Pr\u00e9sident du D\u00e9partement Monsieur Labaune le 10 avril. Il nous a oppos\u00e9 une fin de non recevoir. Mensonges et contre v\u00e9rit\u00e9s se sont succ\u00e9d\u00e9s. Pour lui la sant\u00e9 est une marchandise \u00e0 rentabiliser. Son manque de g\u00e9n\u00e9rosit\u00e9 humaine flagrante a fortement touch\u00e9 la d\u00e9l\u00e9gation du Comit\u00e9.<\/p>\n<p><span style=\"font-size:large;\"><b>Calendrier du nouveau projet : <\/b><\/span><span style=\"font-family:Arial, Arial;font-size:large;\"><span style=\"font-family:Arial;font-size:large;\">Octobre 2017: pr\u00e9sentation du nouveau sch\u00e9ma directeur (entre 20 et 21 millions) \u00e0 l&rsquo;ARS, au D\u00e9partement et au Conseil de surveillance. Janvier 2018 : pr\u00e9sentation du plan de financement Il faudra attendre 8 mois pour savoir si le nouveau projet est r\u00e9alisable. Si le plan de financement avait \u00e9t\u00e9 valid\u00e9 en juin 2016, les grues seraient rentr\u00e9es sur le chantier d\u00e9but 2018. Maintenant il faudra attendre au minimum 2020. <\/span><\/span><\/p>\n<p><span style=\"font-family:Arial;\"><span style=\"font-size:small;\">Comit\u00e9 de Soutien de l&rsquo;H\u00f4pital de Buis-les-Baronnies et de la sant\u00e9 &#8211; Mairie 1 Bd Aristide Brian &#8211; 26170 &#8211; Buis-les-Baronnies &#8211; <\/span><i><span style=\"font-size:small;\">ComiteHopitalBuis@gmail.com &#8211; Facebook : Comit\u00e9 de soutien de l&rsquo;H\u00f4pital de Buis et de la sant\u00e9. <\/span><\/i><\/span><\/p>\n<p><img loading=\"lazy\" decoding=\"async\" class=\"aligncenter size-full wp-image-1446\" src=\"http:\/\/tamtamdesbaronnies.com\/wordpress\/wp-content\/uploads\/2017\/05\/ea891-hc3b4pital-manif19.jpg\" alt=\"\" width=\"500\" height=\"331\" srcset=\"https:\/\/tamtamdesbaronnies.com\/wordpress\/wp-content\/uploads\/2017\/05\/ea891-hc3b4pital-manif19.jpg 500w, https:\/\/tamtamdesbaronnies.com\/wordpress\/wp-content\/uploads\/2017\/05\/ea891-hc3b4pital-manif19-300x199.jpg 300w\" sizes=\"auto, (max-width: 500px) 85vw, 500px\" \/><img loading=\"lazy\" decoding=\"async\" class=\"aligncenter size-full wp-image-1447\" src=\"http:\/\/tamtamdesbaronnies.com\/wordpress\/wp-content\/uploads\/2017\/05\/849fe-hc3b4pital-manif23.jpg\" alt=\"\" width=\"500\" height=\"755\" srcset=\"https:\/\/tamtamdesbaronnies.com\/wordpress\/wp-content\/uploads\/2017\/05\/849fe-hc3b4pital-manif23.jpg 500w, https:\/\/tamtamdesbaronnies.com\/wordpress\/wp-content\/uploads\/2017\/05\/849fe-hc3b4pital-manif23-199x300.jpg 199w\" sizes=\"auto, (max-width: 500px) 85vw, 500px\" \/><img loading=\"lazy\" decoding=\"async\" class=\"aligncenter size-full wp-image-1448\" src=\"http:\/\/tamtamdesbaronnies.com\/wordpress\/wp-content\/uploads\/2017\/05\/e540c-hc3b4pital-manif15.jpg\" alt=\"\" width=\"500\" height=\"333\" srcset=\"https:\/\/tamtamdesbaronnies.com\/wordpress\/wp-content\/uploads\/2017\/05\/e540c-hc3b4pital-manif15.jpg 500w, https:\/\/tamtamdesbaronnies.com\/wordpress\/wp-content\/uploads\/2017\/05\/e540c-hc3b4pital-manif15-300x200.jpg 300w\" sizes=\"auto, (max-width: 500px) 85vw, 500px\" \/><img loading=\"lazy\" decoding=\"async\" class=\"aligncenter size-full wp-image-1449\" src=\"http:\/\/tamtamdesbaronnies.com\/wordpress\/wp-content\/uploads\/2017\/05\/9b368-hc3b4pital-manif13.jpg\" alt=\"\" width=\"500\" height=\"333\" srcset=\"https:\/\/tamtamdesbaronnies.com\/wordpress\/wp-content\/uploads\/2017\/05\/9b368-hc3b4pital-manif13.jpg 500w, https:\/\/tamtamdesbaronnies.com\/wordpress\/wp-content\/uploads\/2017\/05\/9b368-hc3b4pital-manif13-300x200.jpg 300w\" sizes=\"auto, (max-width: 500px) 85vw, 500px\" \/><img loading=\"lazy\" decoding=\"async\" class=\"aligncenter size-full wp-image-1450\" src=\"http:\/\/tamtamdesbaronnies.com\/wordpress\/wp-content\/uploads\/2017\/05\/11ade-hc3b4pital-manif10.jpg\" alt=\"\" width=\"500\" height=\"333\" srcset=\"https:\/\/tamtamdesbaronnies.com\/wordpress\/wp-content\/uploads\/2017\/05\/11ade-hc3b4pital-manif10.jpg 500w, https:\/\/tamtamdesbaronnies.com\/wordpress\/wp-content\/uploads\/2017\/05\/11ade-hc3b4pital-manif10-300x200.jpg 300w\" sizes=\"auto, (max-width: 500px) 85vw, 500px\" \/><img loading=\"lazy\" decoding=\"async\" class=\"aligncenter size-full wp-image-1451\" src=\"http:\/\/tamtamdesbaronnies.com\/wordpress\/wp-content\/uploads\/2017\/05\/b8a7e-hc3b4pital-manif11.jpg\" alt=\"\" width=\"500\" height=\"333\" srcset=\"https:\/\/tamtamdesbaronnies.com\/wordpress\/wp-content\/uploads\/2017\/05\/b8a7e-hc3b4pital-manif11.jpg 500w, https:\/\/tamtamdesbaronnies.com\/wordpress\/wp-content\/uploads\/2017\/05\/b8a7e-hc3b4pital-manif11-300x200.jpg 300w\" sizes=\"auto, (max-width: 500px) 85vw, 500px\" \/><strong>Photos Alain et Arthur Bosmans<\/strong><\/p>\n","protected":false},"excerpt":{"rendered":"<p>BUIS-LES-BARONNIES\u00a0 &#8211;\u00a0 700 personnes manifestent col\u00e8re et incompr\u00e9hension devant le blocage du projet de r\u00e9habilitation de l\u2019h\u00f4pital local. La manifestation lanc\u00e9e par le comit\u00e9 de soutien de l\u2019h\u00f4pital pr\u00e9sid\u00e9 par Jean-Pierre Buix a r\u00e9uni hier en fin de matin\u00e9e pr\u00e8s de 700 personnes parmi lesquelles une trentaine de maires et \u00e9lus portant \u00e9charpes tricolores. L\u2019imposant &hellip; <a href=\"https:\/\/tamtamdesbaronnies.com\/wordpress\/2017\/05\/20\/lhopital-est-loin-detre-sauve-et-les-financements-ny-sont-pas\/\" class=\"more-link\">Continuer la lecture<span class=\"screen-reader-text\"> de &laquo;&nbsp;\u00ab L&rsquo;h\u00f4pital est loin d&rsquo;\u00eatre sauv\u00e9 et les financements n&rsquo;y sont pas ! \u00bb&nbsp;&raquo;<\/span><\/a><\/p>\n","protected":false},"author":2,"featured_media":0,"comment_status":"open","ping_status":"closed","sticky":false,"template":"","format":"standard","meta":{"spay_email":"","footnotes":""},"categories":[1],"tags":[],"class_list":["post-1434","post","type-post","status-publish","format-standard","hentry","category-non-classe"],"jetpack_featured_media_url":"","_links":{"self":[{"href":"https:\/\/tamtamdesbaronnies.com\/wordpress\/wp-json\/wp\/v2\/posts\/1434","targetHints":{"allow":["GET"]}}],"collection":[{"href":"https:\/\/tamtamdesbaronnies.com\/wordpress\/wp-json\/wp\/v2\/posts"}],"about":[{"href":"https:\/\/tamtamdesbaronnies.com\/wordpress\/wp-json\/wp\/v2\/types\/post"}],"author":[{"embeddable":true,"href":"https:\/\/tamtamdesbaronnies.com\/wordpress\/wp-json\/wp\/v2\/users\/2"}],"replies":[{"embeddable":true,"href":"https:\/\/tamtamdesbaronnies.com\/wordpress\/wp-json\/wp\/v2\/comments?post=1434"}],"version-history":[{"count":0,"href":"https:\/\/tamtamdesbaronnies.com\/wordpress\/wp-json\/wp\/v2\/posts\/1434\/revisions"}],"wp:attachment":[{"href":"https:\/\/tamtamdesbaronnies.com\/wordpress\/wp-json\/wp\/v2\/media?parent=1434"}],"wp:term":[{"taxonomy":"category","embeddable":true,"href":"https:\/\/tamtamdesbaronnies.com\/wordpress\/wp-json\/wp\/v2\/categories?post=1434"},{"taxonomy":"post_tag","embeddable":true,"href":"https:\/\/tamtamdesbaronnies.com\/wordpress\/wp-json\/wp\/v2\/tags?post=1434"}],"curies":[{"name":"wp","href":"https:\/\/api.w.org\/{rel}","templated":true}]}}