{"id":1188,"date":"2014-11-23T16:34:20","date_gmt":"2014-11-23T15:34:20","guid":{"rendered":"http:\/\/tamtamdesbaronnies.blog.lemonde.fr\/?p=1188"},"modified":"2014-11-23T16:34:20","modified_gmt":"2014-11-23T15:34:20","slug":"chez-les-deboulle-on-touche-du-bois-de-pere-en-fils","status":"publish","type":"post","link":"https:\/\/tamtamdesbaronnies.com\/wordpress\/2014\/11\/23\/chez-les-deboulle-on-touche-du-bois-de-pere-en-fils\/","title":{"rendered":"Chez les Deboulle, on touche du bois de p\u00e8re en fils"},"content":{"rendered":"<figure id=\"attachment_1189\" aria-describedby=\"caption-attachment-1189\" style=\"width: 500px\" class=\"wp-caption aligncenter\"><a href=\"http:\/\/tamtamdesbaronnies.blog.lemonde.fr\/files\/2014\/11\/Deboulle01.jpg\"><img loading=\"lazy\" decoding=\"async\" class=\"size-full wp-image-1189\" alt=\"De gauche \u00e0 droite, Julien, J\u00e9r\u00f4me, Nathana\u00ebl et L\u00e9na entourent G\u00e9rard, le Pater Familias qui prend aujourd\u2019hui sa retraite apr\u00e8s 30 ann\u00e9es \u00e0 la t\u00eate d\u2019Ossaturbois.\" src=\"http:\/\/tamtamdesbaronnies.blog.lemonde.fr\/files\/2014\/11\/Deboulle01.jpg\" width=\"500\" height=\"427\" \/><\/a><figcaption id=\"caption-attachment-1189\" class=\"wp-caption-text\">De gauche \u00e0 droite, Julien, J\u00e9r\u00f4me, Nathana\u00ebl et L\u00e9na entourent G\u00e9rard, le Pater Familias qui prend aujourd\u2019hui sa retraite apr\u00e8s 30 ann\u00e9es \u00e0 la t\u00eate d\u2019Ossaturbois.<\/figcaption><\/figure>\n<p style=\"text-align:justify;\"><span style=\"color:#000000;font-family:Times New Roman;font-size:large;\">Dans la famille Deboulle, lorsqu\u2019on demande le p\u00e8re on s\u2019adresse \u00e0 G\u00e9rard, citoyen belge n\u00e9 voila 62 ans au Luxembourg, personnalit\u00e9 bien connue dans les Baronnies. Apr\u00e8s avoir suivi un cursus en \u00e9cole d&rsquo;architecture, et une formation de charpentier aupr\u00e8s des compagnons, il s\u2019installe au Buis en 1982 avec son \u00e9pouse Ursula qui lui donnera quatre enfants (trois gar\u00e7ons et une fille).<\/span><\/p>\n<p style=\"text-align:justify;\"><span style=\"color:#000000;font-family:Times New Roman;font-size:large;\">Pionnier en mati\u00e8re d\u2019\u00e9co-construction et de maison bioclimatique, il cr\u00e9\u00e9 en 1985 l&rsquo;entreprise de charpente \u00ab\u00a0Ossaturbois\u00a0\u00bb qui devient rapidement leader local de la construction de maisons en bois et de charpente couverture. Prenant sa retraite aujourd\u2019hui apr\u00e8s 30 ans \u00e0 la t\u00eate de l\u2019entreprise, il transmet le flambeau \u00e0 ses quatre enfants J\u00e9r\u00f4me, Nathana\u00ebl, Julien et L\u00e9na auxquels il aura communiqu\u00e9 sa passion pour le bois.<\/span><\/p>\n<figure id=\"attachment_1190\" aria-describedby=\"caption-attachment-1190\" style=\"width: 500px\" class=\"wp-caption aligncenter\"><a href=\"http:\/\/tamtamdesbaronnies.blog.lemonde.fr\/files\/2014\/11\/Deboulle03.jpg\"><img loading=\"lazy\" decoding=\"async\" class=\"size-full wp-image-1190\" alt=\"Ossaturbois, une entreprise qui a le sens de la famille.\" src=\"http:\/\/tamtamdesbaronnies.blog.lemonde.fr\/files\/2014\/11\/Deboulle03.jpg\" width=\"500\" height=\"604\" \/><\/a><figcaption id=\"caption-attachment-1190\" class=\"wp-caption-text\">Ossaturbois, une entreprise qui a le sens de la famille.<\/figcaption><\/figure>\n<p style=\"text-align:center;\"><span style=\"font-size:x-large;\"><b><span style=\"color:#000000;font-family:Times New Roman;\">Bon sang ne saurait mentir<\/span><\/b><\/span><\/p>\n<p style=\"text-align:justify;\"><span style=\"color:#000000;font-family:Times New Roman;\">\u00a0<\/span><span style=\"color:#000000;font-family:Times New Roman;font-size:large;\">Car bon sang ne saurait mentir\u00a0! J\u00e9r\u00f4me (29 ans), a contract\u00e9 tr\u00e8s t\u00f4t la passion du bois. Apr\u00e8s un cursus en g\u00e9nie \u00e9lectrotechnique \u00e0 Carpentras, il s\u2019est form\u00e9 pendant 3 ans en charpente chez les compagnons du Devoir. En 2011 il int\u00e8gre Ossaturbois et devient aujourd\u2019hui le g\u00e9rant d\u2019une entreprise qui compte sept salari\u00e9s.<\/span><\/p>\n<p style=\"text-align:justify;\"><span style=\"color:#000000;font-family:Times New Roman;font-size:large;\">Son fr\u00e8re cadet Nathana\u00ebl (25 ans), a suivi une formation en DUT de g\u00e9nie civile, puis une ann\u00e9e de sp\u00e9cialisation en construction bois au Danemark, avant de rejoindre l\u2019entreprise familiale dont il devient aujourd\u2019hui le cog\u00e9rant au cot\u00e9 de J\u00e9r\u00f4me.<\/span><\/p>\n<p style=\"text-align:justify;\"><span style=\"color:#000000;font-family:Times New Roman;font-size:large;\">L\u2019ain\u00e9 Julien (31 ans), m\u00e9canicien et serrurier de formation, travaille \u00e0 Ossaturbois depuis deux ans. Tout comme L\u00e9na (27 ans), la fille de la famille, qui, ayant obtenu un CAP de menuiserie chez les compagnons \u00e0 Marseille, intervient aujourd\u2019hui dans les travaux d\u2019agencement int\u00e9rieur de l\u2019entreprise.<\/span><\/p>\n<p style=\"text-align:justify;\"><span style=\"color:#000000;font-family:Times New Roman;font-size:large;\">Mais G\u00e9rard n\u2019est pas homme \u00e0 prendre une retraite inactive. Apr\u00e8s avoir assur\u00e9 sa succession, il continue aujourd\u2019hui comme simple employ\u00e9 de l\u2019entreprise g\u00e9r\u00e9e par ses enfants, \u00e0 animer de son exp\u00e9rience le bureau d\u2019\u00e9tude et l\u2019\u00e9tablissement des nouveaux projets.<\/span><\/p>\n<p><span style=\"font-size:large;\"><strong><span style=\"color:#000000;font-family:Times New Roman;\">Alain Bosmans<br \/>\n<\/span><\/strong><span style=\"color:#000000;font-family:Times New Roman;\">Article paru dans le Dauphin\u00e9 Lib\u00e9r\u00e9 du 22 novembre 2014<\/span><strong><span style=\"color:#000000;font-family:Times New Roman;\"><br \/>\n<\/span><\/strong><\/span><\/p>\n<figure id=\"attachment_1191\" aria-describedby=\"caption-attachment-1191\" style=\"width: 500px\" class=\"wp-caption aligncenter\"><a href=\"http:\/\/tamtamdesbaronnies.com\/wordpress\/wp-content\/uploads\/2014\/11\/1ba00-deboulle02.jpg\"><img loading=\"lazy\" decoding=\"async\" class=\"size-full wp-image-1191\" alt=\"G\u00e9rard Deboulle\" src=\"http:\/\/tamtamdesbaronnies.com\/wordpress\/wp-content\/uploads\/2014\/11\/1ba00-deboulle02.jpg\" width=\"500\" height=\"377\" srcset=\"https:\/\/tamtamdesbaronnies.com\/wordpress\/wp-content\/uploads\/2014\/11\/1ba00-deboulle02.jpg 500w, https:\/\/tamtamdesbaronnies.com\/wordpress\/wp-content\/uploads\/2014\/11\/1ba00-deboulle02-300x226.jpg 300w\" sizes=\"auto, (max-width: 500px) 85vw, 500px\" \/><\/a><figcaption id=\"caption-attachment-1191\" class=\"wp-caption-text\">G\u00e9rard Deboulle<\/figcaption><\/figure>\n","protected":false},"excerpt":{"rendered":"<p>Dans la famille Deboulle, lorsqu\u2019on demande le p\u00e8re on s\u2019adresse \u00e0 G\u00e9rard, citoyen belge n\u00e9 voila 62 ans au Luxembourg, personnalit\u00e9 bien connue dans les Baronnies. Apr\u00e8s avoir suivi un cursus en \u00e9cole d&rsquo;architecture, et une formation de charpentier aupr\u00e8s des compagnons, il s\u2019installe au Buis en 1982 avec son \u00e9pouse Ursula qui lui donnera &hellip; <a href=\"https:\/\/tamtamdesbaronnies.com\/wordpress\/2014\/11\/23\/chez-les-deboulle-on-touche-du-bois-de-pere-en-fils\/\" class=\"more-link\">Continuer la lecture<span class=\"screen-reader-text\"> de &laquo;&nbsp;Chez les Deboulle, on touche du bois de p\u00e8re en fils&nbsp;&raquo;<\/span><\/a><\/p>\n","protected":false},"author":2,"featured_media":0,"comment_status":"open","ping_status":"closed","sticky":false,"template":"","format":"standard","meta":{"spay_email":"","footnotes":""},"categories":[6,5],"tags":[],"class_list":["post-1188","post","type-post","status-publish","format-standard","hentry","category-actualite-des-baronnies","category-portraits"],"jetpack_featured_media_url":"","_links":{"self":[{"href":"https:\/\/tamtamdesbaronnies.com\/wordpress\/wp-json\/wp\/v2\/posts\/1188","targetHints":{"allow":["GET"]}}],"collection":[{"href":"https:\/\/tamtamdesbaronnies.com\/wordpress\/wp-json\/wp\/v2\/posts"}],"about":[{"href":"https:\/\/tamtamdesbaronnies.com\/wordpress\/wp-json\/wp\/v2\/types\/post"}],"author":[{"embeddable":true,"href":"https:\/\/tamtamdesbaronnies.com\/wordpress\/wp-json\/wp\/v2\/users\/2"}],"replies":[{"embeddable":true,"href":"https:\/\/tamtamdesbaronnies.com\/wordpress\/wp-json\/wp\/v2\/comments?post=1188"}],"version-history":[{"count":0,"href":"https:\/\/tamtamdesbaronnies.com\/wordpress\/wp-json\/wp\/v2\/posts\/1188\/revisions"}],"wp:attachment":[{"href":"https:\/\/tamtamdesbaronnies.com\/wordpress\/wp-json\/wp\/v2\/media?parent=1188"}],"wp:term":[{"taxonomy":"category","embeddable":true,"href":"https:\/\/tamtamdesbaronnies.com\/wordpress\/wp-json\/wp\/v2\/categories?post=1188"},{"taxonomy":"post_tag","embeddable":true,"href":"https:\/\/tamtamdesbaronnies.com\/wordpress\/wp-json\/wp\/v2\/tags?post=1188"}],"curies":[{"name":"wp","href":"https:\/\/api.w.org\/{rel}","templated":true}]}}