{"id":1164,"date":"2014-09-29T15:35:01","date_gmt":"2014-09-29T14:35:01","guid":{"rendered":"http:\/\/tamtamdesbaronnies.blog.lemonde.fr\/?p=1164"},"modified":"2014-09-29T15:35:01","modified_gmt":"2014-09-29T14:35:01","slug":"les-incroyables-comestibles-sinstallent-au-buis","status":"publish","type":"post","link":"https:\/\/tamtamdesbaronnies.com\/wordpress\/2014\/09\/29\/les-incroyables-comestibles-sinstallent-au-buis\/","title":{"rendered":"Les \u00ab Incroyables Comestibles \u00bb s\u2019installent au Buis."},"content":{"rendered":"<figure id=\"attachment_1165\" aria-describedby=\"caption-attachment-1165\" style=\"width: 500px\" class=\"wp-caption aligncenter\"><a href=\"http:\/\/tamtamdesbaronnies.com\/wordpress\/wp-content\/uploads\/2014\/09\/d9ef1-incroyablecommestibles00.jpg\"><img loading=\"lazy\" decoding=\"async\" class=\"size-full wp-image-1165\" alt=\"Devant le panneau de sa commune, le maire S\u00e9bastien Bernard entour\u00e9 de plusieurs membres du collectif ne cache pas sa satisfaction de voir Buis rejoindre le mouvement des \u00ab Incroyables Comestibles \u00bb \" src=\"http:\/\/tamtamdesbaronnies.com\/wordpress\/wp-content\/uploads\/2014\/09\/d9ef1-incroyablecommestibles00.jpg\" width=\"500\" height=\"407\" srcset=\"https:\/\/tamtamdesbaronnies.com\/wordpress\/wp-content\/uploads\/2014\/09\/d9ef1-incroyablecommestibles00.jpg 500w, https:\/\/tamtamdesbaronnies.com\/wordpress\/wp-content\/uploads\/2014\/09\/d9ef1-incroyablecommestibles00-300x244.jpg 300w\" sizes=\"auto, (max-width: 500px) 85vw, 500px\" \/><\/a><figcaption id=\"caption-attachment-1165\" class=\"wp-caption-text\">Devant le panneau de sa commune, le maire S\u00e9bastien Bernard entour\u00e9 de plusieurs membres du collectif ne cache pas sa satisfaction de voir Buis rejoindre le mouvement des\u00a0Incroyables Comestibles.<\/figcaption><\/figure>\n<p style=\"text-align:justify;\"><span style=\"color:#000000;font-family:Times New Roman;font-size:large;\">D\u00e9cid\u00e9ment les initiatives citoyennes visant \u00e0 promouvoir le concept de gratuit\u00e9 gagnent du terrain et se multiplient rapidement dans nos Baronnies proven\u00e7ales. Apr\u00e8s l\u2019organisation en moins d\u2019un an de \u00ab\u00a0March\u00e9s gratuits\u00a0\u00bb (ou Gratif\u00e9rias) dans plusieurs communes de la r\u00e9gion (12 \u00e0 ce jour dont 3 au Buis), voici maintenant le mouvement des \u00ab\u00a0Incroyables Comestibles\u00a0\u00bb qui, parti de Montbrun, s\u2019installe \u00e0 Buis les Baronnies avec un collectif d\u2019une singuli\u00e8re vitalit\u00e9.<\/span><\/p>\n<figure id=\"attachment_1166\" aria-describedby=\"caption-attachment-1166\" style=\"width: 500px\" class=\"wp-caption aligncenter\"><a href=\"http:\/\/tamtamdesbaronnies.com\/wordpress\/wp-content\/uploads\/2014\/09\/b4f4c-incroyablecommestibles02.jpg\"><img loading=\"lazy\" decoding=\"async\" class=\"size-full wp-image-1166\" alt=\"\u00ab On plante, on arrose et on partage \u00bb, expliquent Myriam Varillon et Camille Lecureux du collectif buxois.\" src=\"http:\/\/tamtamdesbaronnies.com\/wordpress\/wp-content\/uploads\/2014\/09\/b4f4c-incroyablecommestibles02.jpg\" width=\"500\" height=\"449\" srcset=\"https:\/\/tamtamdesbaronnies.com\/wordpress\/wp-content\/uploads\/2014\/09\/b4f4c-incroyablecommestibles02.jpg 500w, https:\/\/tamtamdesbaronnies.com\/wordpress\/wp-content\/uploads\/2014\/09\/b4f4c-incroyablecommestibles02-300x269.jpg 300w\" sizes=\"auto, (max-width: 500px) 85vw, 500px\" \/><\/a><figcaption id=\"caption-attachment-1166\" class=\"wp-caption-text\">\u00ab On plante, on arrose et on partage \u00bb, expliquent Myriam Varillon et Camille Lecureux du collectif buxois.<\/figcaption><\/figure>\n<p style=\"text-align:justify;\"><span style=\"color:#000000;font-family:Times New Roman;font-size:large;\">L\u2019id\u00e9e est de planter en ville des fruits et l\u00e9gumes dans des bacs de l\u2019espace public, et de laisser le soin \u00e0 chacun de jardiner librement et de r\u00e9colter gratuitement les fruits de ces petits potagers collectifs. La d\u00e9marche vise \u00e0 cr\u00e9er un nouvel art de vivre en dynamisant les \u00e9changes locaux par le partage d\u2019une production \u00ab\u00a0Bio\u00a0\u00bb, cultiv\u00e9s par les habitants et offerts \u00e0 tous. <em>\u00ab\u00a0On plante, on arrose et on partage\u00a0\u00bb,<\/em> expliquent Myriam Varillon et Camille Lecureux du collectif buxois, qui esp\u00e8rent que cette d\u00e9marche conviviale et solidaire fera de plus en plus d\u2019\u00e9mules au fil du temps.<\/span><\/p>\n<figure id=\"attachment_1167\" aria-describedby=\"caption-attachment-1167\" style=\"width: 500px\" class=\"wp-caption aligncenter\"><a href=\"http:\/\/tamtamdesbaronnies.com\/wordpress\/wp-content\/uploads\/2014\/09\/27c86-incroyablecommestibles01.jpg\"><img loading=\"lazy\" decoding=\"async\" class=\"size-full wp-image-1167\" alt=\"Le collectif buxois des \u00ab Incroyables Comestibles \u00bb compte aujourd\u2019hui une douzaine de b\u00e9n\u00e9voles tr\u00e8s actifs.\" src=\"http:\/\/tamtamdesbaronnies.com\/wordpress\/wp-content\/uploads\/2014\/09\/27c86-incroyablecommestibles01.jpg\" width=\"500\" height=\"403\" srcset=\"https:\/\/tamtamdesbaronnies.com\/wordpress\/wp-content\/uploads\/2014\/09\/27c86-incroyablecommestibles01.jpg 500w, https:\/\/tamtamdesbaronnies.com\/wordpress\/wp-content\/uploads\/2014\/09\/27c86-incroyablecommestibles01-300x242.jpg 300w\" sizes=\"auto, (max-width: 500px) 85vw, 500px\" \/><\/a><figcaption id=\"caption-attachment-1167\" class=\"wp-caption-text\">Le collectif buxois des \u00ab Incroyables Comestibles \u00bb compte aujourd\u2019hui une douzaine de b\u00e9n\u00e9voles tr\u00e8s actifs.<\/figcaption><\/figure>\n<p style=\"text-align:justify;\"><span style=\"color:#000000;font-family:Times New Roman;font-size:large;\">La commune a tout de suite donn\u00e9 son feu vert et depuis le printemps dernier une quinzaine de bacs publics ont \u00e9t\u00e9 mis \u00e0 la disposition de ces incroyables planteurs. Tomates, poireaux, courgettes, poivrons, fraises, salades, blettes, menthe, romarin, amarante, \u2026 Tous ces fruits et l\u00e9gumes ont pouss\u00e9\u00a0durant l\u2019\u00e9t\u00e9 dans les rues du village, suscitant la curiosit\u00e9 et l\u2019int\u00e9r\u00eat de nombreux buxois et visiteurs. <em>\u00ab\u00a0La r\u00e9colte est bien s\u00fbr aujourd\u2019hui tr\u00e8s modeste et n\u2019a gu\u00e8re de signification \u00e9conomique\u00a0\u00bb,<\/em> admettent les initiateurs, <em>\u00ab\u00a0mais le mouvement fait beaucoup parler de lui et est riche en lien social\u2026\u00a0\u00bb.<\/em><\/span><\/p>\n<figure id=\"attachment_1168\" aria-describedby=\"caption-attachment-1168\" style=\"width: 500px\" class=\"wp-caption aligncenter\"><a href=\"http:\/\/tamtamdesbaronnies.com\/wordpress\/wp-content\/uploads\/2014\/09\/182ee-incroyablecommestibles05.jpg\"><img loading=\"lazy\" decoding=\"async\" class=\"size-full wp-image-1168\" alt=\"Une belle petite r\u00e9colte de tomates dans les rues du village.\" src=\"http:\/\/tamtamdesbaronnies.com\/wordpress\/wp-content\/uploads\/2014\/09\/182ee-incroyablecommestibles05.jpg\" width=\"500\" height=\"329\" srcset=\"https:\/\/tamtamdesbaronnies.com\/wordpress\/wp-content\/uploads\/2014\/09\/182ee-incroyablecommestibles05.jpg 500w, https:\/\/tamtamdesbaronnies.com\/wordpress\/wp-content\/uploads\/2014\/09\/182ee-incroyablecommestibles05-300x197.jpg 300w\" sizes=\"auto, (max-width: 500px) 85vw, 500px\" \/><\/a><figcaption id=\"caption-attachment-1168\" class=\"wp-caption-text\"><span style=\"font-size:small;\">Une belle petite r\u00e9colte de tomates dans les rues du village.<\/span><\/figcaption><\/figure>\n<p style=\"text-align:justify;\"><span style=\"color:#000000;font-family:Times New Roman;font-size:large;\">C\u2019est aussi l\u2019avis du maire S\u00e9bastien Bernard qui souhaite voir se d\u00e9velopper de nouveaux espaces de plantation solidaire tant dans l\u2019espace public que sur le domaine priv\u00e9. Rappelons aussi que la biblioth\u00e8que municipale se joint au projet en accueillant une grainoth\u00e8que o\u00f9 chacun peut librement d\u00e9poser prendre et \u00e9changer ses graines bio et constituer ainsi une collection de semences adapt\u00e9es au territoire.<\/span><\/p>\n<p style=\"text-align:justify;\">Enfin, le groupe \u00ab\u00a0Grati\u00e9ria Toulourenc-Baronnies\u00a0\u00bb organise une nouvelle Gratiferia (march\u00e9 gratuit) \u00e0 Buis les Baronnies le dimanche 19 octobre dans la salle du foyer J.J. Coupon. Au programme : donner, prendre, recevoir, rencontrer, partager, en musique et autourd&rsquo;une soupe \u00e0 midi.<\/p>\n<p><span style=\"font-size:large;\"><span style=\"color:#000000;font-family:Times New Roman;\">\u00a0<\/span><strong><span style=\"color:#000000;font-family:Times New Roman;\">Alain Bosmans<br \/>\n<\/span><\/strong><span style=\"color:#000000;font-family:Times New Roman;\">Article paru le 26 septembre 2014 dans le Dauphin\u00e9 Lib\u00e9r\u00e9.<\/span><\/span><\/p>\n<p><span style=\"text-decoration:underline;\"><strong>Pour en savoir plus<\/strong><\/span><strong><span style=\"text-decoration:underline;\">\u00a0<\/span>:<br \/>\n+ <\/strong><strong>Les incroyables comestibles : <a href=\"http:\/\/www.incredible-edible.info\">http:\/\/www.incredible-edible.info<\/a><br \/>\n+ Le collectif de Buis :\u00a0<a href=\"http:\/\/icbuis.canalblog.com\">http:\/\/icbuis.canalblog.com<\/a> <a href=\"http:\/\/icbuis.canalblog.com\"><br \/>\n<\/a><\/strong><strong>+\u00a0Contact : 06\u00a062 64 18 35\u00a0ou 06 14 19 45 59<br \/>\n+ Face book : <a href=\"http:\/\/www.facebook.com\/groups\/nitrocnireciprocite\">http:\/\/www.facebook.com\/groups\/nitrocnireciprocite<\/a> <\/strong><\/p>\n<p>&nbsp;<\/p>\n<p>&nbsp;<\/p>\n","protected":false},"excerpt":{"rendered":"<p>D\u00e9cid\u00e9ment les initiatives citoyennes visant \u00e0 promouvoir le concept de gratuit\u00e9 gagnent du terrain et se multiplient rapidement dans nos Baronnies proven\u00e7ales. Apr\u00e8s l\u2019organisation en moins d\u2019un an de \u00ab\u00a0March\u00e9s gratuits\u00a0\u00bb (ou Gratif\u00e9rias) dans plusieurs communes de la r\u00e9gion (12 \u00e0 ce jour dont 3 au Buis), voici maintenant le mouvement des \u00ab\u00a0Incroyables Comestibles\u00a0\u00bb qui, &hellip; <a href=\"https:\/\/tamtamdesbaronnies.com\/wordpress\/2014\/09\/29\/les-incroyables-comestibles-sinstallent-au-buis\/\" class=\"more-link\">Continuer la lecture<span class=\"screen-reader-text\"> de &laquo;&nbsp;Les \u00ab Incroyables Comestibles \u00bb s\u2019installent au Buis.&nbsp;&raquo;<\/span><\/a><\/p>\n","protected":false},"author":2,"featured_media":0,"comment_status":"open","ping_status":"closed","sticky":false,"template":"","format":"standard","meta":{"spay_email":"","footnotes":""},"categories":[6,3,13,1],"tags":[],"class_list":["post-1164","post","type-post","status-publish","format-standard","hentry","category-actualite-des-baronnies","category-associations","category-faits-divers","category-non-classe"],"jetpack_featured_media_url":"","_links":{"self":[{"href":"https:\/\/tamtamdesbaronnies.com\/wordpress\/wp-json\/wp\/v2\/posts\/1164","targetHints":{"allow":["GET"]}}],"collection":[{"href":"https:\/\/tamtamdesbaronnies.com\/wordpress\/wp-json\/wp\/v2\/posts"}],"about":[{"href":"https:\/\/tamtamdesbaronnies.com\/wordpress\/wp-json\/wp\/v2\/types\/post"}],"author":[{"embeddable":true,"href":"https:\/\/tamtamdesbaronnies.com\/wordpress\/wp-json\/wp\/v2\/users\/2"}],"replies":[{"embeddable":true,"href":"https:\/\/tamtamdesbaronnies.com\/wordpress\/wp-json\/wp\/v2\/comments?post=1164"}],"version-history":[{"count":0,"href":"https:\/\/tamtamdesbaronnies.com\/wordpress\/wp-json\/wp\/v2\/posts\/1164\/revisions"}],"wp:attachment":[{"href":"https:\/\/tamtamdesbaronnies.com\/wordpress\/wp-json\/wp\/v2\/media?parent=1164"}],"wp:term":[{"taxonomy":"category","embeddable":true,"href":"https:\/\/tamtamdesbaronnies.com\/wordpress\/wp-json\/wp\/v2\/categories?post=1164"},{"taxonomy":"post_tag","embeddable":true,"href":"https:\/\/tamtamdesbaronnies.com\/wordpress\/wp-json\/wp\/v2\/tags?post=1164"}],"curies":[{"name":"wp","href":"https:\/\/api.w.org\/{rel}","templated":true}]}}