{"id":1156,"date":"2014-09-08T15:44:15","date_gmt":"2014-09-08T14:44:15","guid":{"rendered":"http:\/\/tamtamdesbaronnies.blog.lemonde.fr\/?p=1156"},"modified":"2014-09-08T15:44:15","modified_gmt":"2014-09-08T14:44:15","slug":"la-reproduction-dune-fresque-monumentale-du-chateau-de-versailles-dans-une-grange-de-benivay","status":"publish","type":"post","link":"https:\/\/tamtamdesbaronnies.com\/wordpress\/2014\/09\/08\/la-reproduction-dune-fresque-monumentale-du-chateau-de-versailles-dans-une-grange-de-benivay\/","title":{"rendered":"La reproduction d\u2019une fresque monumentale du ch\u00e2teau de Versailles dans une grange de B\u00e9nivay"},"content":{"rendered":"<figure id=\"attachment_1157\" aria-describedby=\"caption-attachment-1157\" style=\"width: 500px\" class=\"wp-caption aligncenter\"><a href=\"http:\/\/tamtamdesbaronnies.com\/wordpress\/wp-content\/uploads\/2014\/09\/08c75-celimamege-camillejadot-03.jpg\"><img loading=\"lazy\" decoding=\"async\" class=\"size-full wp-image-1157\" alt=\"Camille Jadot et C\u00e9lina M\u00e8ge \u00e0 l\u2019ouvrage sur l\u2019\u00e9chafaudage de la vaste toile dans la grange de la maison M\u00e8ge \u00e0 Benivay-Ollon.\" src=\"http:\/\/tamtamdesbaronnies.com\/wordpress\/wp-content\/uploads\/2014\/09\/08c75-celimamege-camillejadot-03.jpg\" width=\"500\" height=\"431\" srcset=\"https:\/\/tamtamdesbaronnies.com\/wordpress\/wp-content\/uploads\/2014\/09\/08c75-celimamege-camillejadot-03.jpg 500w, https:\/\/tamtamdesbaronnies.com\/wordpress\/wp-content\/uploads\/2014\/09\/08c75-celimamege-camillejadot-03-300x259.jpg 300w\" sizes=\"auto, (max-width: 500px) 85vw, 500px\" \/><\/a><figcaption id=\"caption-attachment-1157\" class=\"wp-caption-text\">Camille Jadot et C\u00e9lina M\u00e8ge \u00e0 l\u2019ouvrage sur l\u2019\u00e9chafaudage de la vaste toile dans la grange de la maison M\u00e8ge \u00e0 Benivay-Ollon.<\/figcaption><\/figure>\n<p style=\"text-align:justify;\"><span style=\"color:#000000;font-family:Times New Roman;font-size:large;\">Dans la maison de la famille M\u00e8ge \u00e0 B\u00e9nivay-Ollon, apr\u00e8s le d\u00e9c\u00e8s l\u2019ann\u00e9e derni\u00e8re de son grand p\u00e8re Pierre, sa petite fille C\u00e9lina M\u00e8ge a install\u00e9, dans une des granges, un vaste atelier de peinture de patrimoine. Depuis le d\u00e9but mai, C\u00e9lina et \u00e0 son amie Camille Jadot y r\u00e9alisent la monumentale reproduction, sur une toile de 4 m\u00e8tres de hauteur sur 3 de largeur, d\u2019un d\u00e9tail de la fresque (initialement peinte par Charles Brun) qui orne le plafond de la galerie des glaces du ch\u00e2teau de Versailles et qui repr\u00e9sente le roi soleil tr\u00f4nant en majest\u00e9.<\/span><\/p>\n<p style=\"text-align:justify;\"><span style=\"color:#000000;font-family:Times New Roman;font-size:large;\">Les deux jeunes artistes, qui ne se sont jamais perdus de vue pendant les 10 ans d\u2019un cursus universitaire de copistes de tableaux d\u2019arts et de peintres en d\u00e9cor de patrimoine, se sont retrouv\u00e9s cet \u00e9t\u00e9 pour r\u00e9pondre \u00e0 la commande priv\u00e9e du propri\u00e9taire du ch\u00e2teau de Montaubois dans les Ardennes.<\/span><\/p>\n<p style=\"text-align:center;\"><strong><span style=\"font-size:x-large;\">Plus de 700 heures de travail<\/span><\/strong><\/p>\n<p style=\"text-align:justify;\">L\u2019\u0153uvre r\u00e9alis\u00e9e \u00e0 Benivay-Ollon par C\u00e9lina et Camille aura n\u00e9cessit\u00e9 plus de 700 heures de travail \u00e0 deux, avec l\u2019utilisation de diff\u00e9rentes techniques\u00a0: dessin, peinture \u00e0 l\u2019huile, faux marbres, dorures, moulures, portrait, feuillages, &#8230; La gigantesque toile est destin\u00e9e \u00e0 orner prochainement un trumeau au dessus de la chemin\u00e9e de la salle de r\u00e9ception de la nouvelle aile du ch\u00e2teau ardennais en cours de r\u00e9novation.<\/p>\n<figure id=\"attachment_1158\" aria-describedby=\"caption-attachment-1158\" style=\"width: 500px\" class=\"wp-caption aligncenter\"><a href=\"http:\/\/tamtamdesbaronnies.com\/wordpress\/wp-content\/uploads\/2014\/09\/79fe0-celimamege-camillejadot-02.jpg\"><img loading=\"lazy\" decoding=\"async\" class=\"size-full wp-image-1158\" alt=\"C\u00e9lina M\u00e8ge et Camille Jadot devant leur \u0153uvre termin\u00e9e.\" src=\"http:\/\/tamtamdesbaronnies.com\/wordpress\/wp-content\/uploads\/2014\/09\/79fe0-celimamege-camillejadot-02.jpg\" width=\"500\" height=\"372\" srcset=\"https:\/\/tamtamdesbaronnies.com\/wordpress\/wp-content\/uploads\/2014\/09\/79fe0-celimamege-camillejadot-02.jpg 500w, https:\/\/tamtamdesbaronnies.com\/wordpress\/wp-content\/uploads\/2014\/09\/79fe0-celimamege-camillejadot-02-300x223.jpg 300w\" sizes=\"auto, (max-width: 500px) 85vw, 500px\" \/><\/a><figcaption id=\"caption-attachment-1158\" class=\"wp-caption-text\">C\u00e9lina M\u00e8ge et Camille Jadot devant leur \u0153uvre termin\u00e9e.<\/figcaption><\/figure>\n<p style=\"text-align:justify;\">De par la dimension de la toile et le temps pass\u00e9 \u00e0 sa r\u00e9alisation, l\u2019ouvrage constitue une premi\u00e8re pour les deux jeunes femmes, qui esp\u00e8rent bien que cette commande sera suivie de plusieurs autres du m\u00eame acabit. Ce qui, au vu du travail r\u00e9alis\u00e9, ne devrait pas poser de probl\u00e8me \u2026<\/p>\n<p><strong>Alain Bosmans<\/strong><br \/>\nArticle paru dans le Dauphin\u00e9 Lib\u00e9r\u00e9 du 1er septembre 2014<\/p>\n<p>&nbsp;<\/p>\n","protected":false},"excerpt":{"rendered":"<p>Dans la maison de la famille M\u00e8ge \u00e0 B\u00e9nivay-Ollon, apr\u00e8s le d\u00e9c\u00e8s l\u2019ann\u00e9e derni\u00e8re de son grand p\u00e8re Pierre, sa petite fille C\u00e9lina M\u00e8ge a install\u00e9, dans une des granges, un vaste atelier de peinture de patrimoine. Depuis le d\u00e9but mai, C\u00e9lina et \u00e0 son amie Camille Jadot y r\u00e9alisent la monumentale reproduction, sur une &hellip; <a href=\"https:\/\/tamtamdesbaronnies.com\/wordpress\/2014\/09\/08\/la-reproduction-dune-fresque-monumentale-du-chateau-de-versailles-dans-une-grange-de-benivay\/\" class=\"more-link\">Continuer la lecture<span class=\"screen-reader-text\"> de &laquo;&nbsp;La reproduction d\u2019une fresque monumentale du ch\u00e2teau de Versailles dans une grange de B\u00e9nivay&nbsp;&raquo;<\/span><\/a><\/p>\n","protected":false},"author":2,"featured_media":0,"comment_status":"open","ping_status":"closed","sticky":false,"template":"","format":"standard","meta":{"spay_email":"","footnotes":""},"categories":[6,1,17],"tags":[],"class_list":["post-1156","post","type-post","status-publish","format-standard","hentry","category-actualite-des-baronnies","category-non-classe","category-patrimoine"],"jetpack_featured_media_url":"","_links":{"self":[{"href":"https:\/\/tamtamdesbaronnies.com\/wordpress\/wp-json\/wp\/v2\/posts\/1156","targetHints":{"allow":["GET"]}}],"collection":[{"href":"https:\/\/tamtamdesbaronnies.com\/wordpress\/wp-json\/wp\/v2\/posts"}],"about":[{"href":"https:\/\/tamtamdesbaronnies.com\/wordpress\/wp-json\/wp\/v2\/types\/post"}],"author":[{"embeddable":true,"href":"https:\/\/tamtamdesbaronnies.com\/wordpress\/wp-json\/wp\/v2\/users\/2"}],"replies":[{"embeddable":true,"href":"https:\/\/tamtamdesbaronnies.com\/wordpress\/wp-json\/wp\/v2\/comments?post=1156"}],"version-history":[{"count":0,"href":"https:\/\/tamtamdesbaronnies.com\/wordpress\/wp-json\/wp\/v2\/posts\/1156\/revisions"}],"wp:attachment":[{"href":"https:\/\/tamtamdesbaronnies.com\/wordpress\/wp-json\/wp\/v2\/media?parent=1156"}],"wp:term":[{"taxonomy":"category","embeddable":true,"href":"https:\/\/tamtamdesbaronnies.com\/wordpress\/wp-json\/wp\/v2\/categories?post=1156"},{"taxonomy":"post_tag","embeddable":true,"href":"https:\/\/tamtamdesbaronnies.com\/wordpress\/wp-json\/wp\/v2\/tags?post=1156"}],"curies":[{"name":"wp","href":"https:\/\/api.w.org\/{rel}","templated":true}]}}