{"id":1139,"date":"2014-08-20T10:03:09","date_gmt":"2014-08-20T09:03:09","guid":{"rendered":"http:\/\/tamtamdesbaronnies.blog.lemonde.fr\/?p=1139"},"modified":"2014-08-20T10:03:09","modified_gmt":"2014-08-20T09:03:09","slug":"parfum-de-jazz-quand-le-talent-transcende-le-handicap","status":"publish","type":"post","link":"https:\/\/tamtamdesbaronnies.com\/wordpress\/2014\/08\/20\/parfum-de-jazz-quand-le-talent-transcende-le-handicap\/","title":{"rendered":"Parfum de jazz : Quand le talent transcende le handicap"},"content":{"rendered":"<figure id=\"attachment_1140\" aria-describedby=\"caption-attachment-1140\" style=\"width: 500px\" class=\"wp-caption aligncenter\"><a href=\"http:\/\/tamtamdesbaronnies.blog.lemonde.fr\/files\/2014\/08\/Open5.jpg\"><img loading=\"lazy\" decoding=\"async\" class=\"size-full wp-image-1140\" alt=\"Avec cette exp\u00e9rience d'accompagnement du Big band des jeunes aveugles et non voyants, Parfum de Jazz affirme sa d\u00e9marche de festival solidaire.\" src=\"http:\/\/tamtamdesbaronnies.blog.lemonde.fr\/files\/2014\/08\/Open5.jpg\" width=\"500\" height=\"333\" \/><\/a><figcaption id=\"caption-attachment-1140\" class=\"wp-caption-text\">Avec cette exp\u00e9rience d&rsquo;accompagnement du Big band des jeunes aveugles et non voyants, Parfum de Jazz affirme sa d\u00e9marche de festival solidaire.<\/figcaption><\/figure>\n<p class=\"wp-caption-dd\" style=\"text-align:justify;\"><span style=\"font-size:medium;\">Dans le cadre du festival\u00a0 \u00ab\u00a0Parfum de Jazz\u00a0\u00bb, Buis les Baronnies et plus largement le territoire des Baronnies ont, cet \u00e9t\u00e9, accueilli une grande formation de jazz, un Big Band de 15 jeunes aveugles et mal voyants intitul\u00e9 \u00ab\u00a0Open In Jazz\u00a0\u00bb.<\/span><\/p>\n<figure id=\"attachment_1141\" aria-describedby=\"caption-attachment-1141\" style=\"width: 500px\" class=\"wp-caption aligncenter\"><a href=\"http:\/\/tamtamdesbaronnies.com\/wordpress\/wp-content\/uploads\/2014\/08\/f5971-open0.jpg\"><img loading=\"lazy\" decoding=\"async\" class=\"size-full wp-image-1141\" alt=\"Open in Jazz en apaaro-swing sur la place du Quinconce. (Photo Alain Bosmans)\" src=\"http:\/\/tamtamdesbaronnies.com\/wordpress\/wp-content\/uploads\/2014\/08\/f5971-open0.jpg\" width=\"500\" height=\"298\" srcset=\"https:\/\/tamtamdesbaronnies.com\/wordpress\/wp-content\/uploads\/2014\/08\/f5971-open0.jpg 500w, https:\/\/tamtamdesbaronnies.com\/wordpress\/wp-content\/uploads\/2014\/08\/f5971-open0-300x179.jpg 300w\" sizes=\"auto, (max-width: 500px) 85vw, 500px\" \/><\/a><figcaption id=\"caption-attachment-1141\" class=\"wp-caption-text\">Open in Jazz en ap\u00e9ro-swing sur la place du Quinconce. (Photo Alain Bosmans)<\/figcaption><\/figure>\n<p style=\"text-align:justify;\">En r\u00e9sidence \u00e0 maison familiale de la Fontaine d\u2019Annibal durant la premi\u00e8re semaine du festival du 11 au 16 ao\u00fbt, \u00ab\u00a0Open in Jazz\u00a0\u00bb donna sept concerts gratuits dans les Baronnies. A St F\u00e9rr\u00e9ol-Trente-Pas au profit de la lutte contre la mucoviscidose, \u00e0 Montbrun les Bains dans le cadre magique de la place du Beffroy, \u00e0 Vinsobres \u00e0 l&rsquo;invitation de la mairie et aussi au Buis pendant 3 jours pour des ap\u00e9ro-swing en fin de matin\u00e9e ou en fin d&rsquo;apr\u00e8s-midi, \u00e0 la Fontaine d&rsquo;Annibal, dans les jardins de la mairie ou sur la place du Quinconce.<\/p>\n<figure id=\"attachment_1142\" aria-describedby=\"caption-attachment-1142\" style=\"width: 500px\" class=\"wp-caption aligncenter\"><a href=\"http:\/\/tamtamdesbaronnies.blog.lemonde.fr\/files\/2014\/08\/Open2.jpg\"><img loading=\"lazy\" decoding=\"async\" class=\"size-full wp-image-1142\" alt=\"Open in Jazz en concert \u00e0 Montbrun les Bains (photo Pascal Derath\u00e9 - Jazz-rhone-alpes.com)\" src=\"http:\/\/tamtamdesbaronnies.blog.lemonde.fr\/files\/2014\/08\/Open2.jpg\" width=\"500\" height=\"365\" \/><\/a><figcaption id=\"caption-attachment-1142\" class=\"wp-caption-text\">Open in Jazz en concert \u00e0 Montbrun les Bains (photo Pascal Derath\u00e9 &#8211; Jazz-rhone-alpes.com)<\/figcaption><\/figure>\n<p style=\"text-align:justify;\">Ce Big Band est le seul existant en France et peut-\u00eatre en Europe ; il est le fruit d\u2019un travail intelligent et pers\u00e9v\u00e9rant conduit au sein de l\u2019INJA (Institut national de jeunes aveugles) par plusieurs professeurs de musique sous l\u2019autorit\u00e9 d\u2019Eric Gesland saxophoniste et chef d\u2019orchestre.<br \/>\nConstituer un Big Band de jeunes aveugles repr\u00e9sentait en soi un \u00e9norme d\u00e9fi mais l\u2019amener \u00e0 se produire en public \u00e0 Parfum de jazz aux c\u00f4t\u00e9s de musiciens particuli\u00e8rement talentueux venus du monde entier, relevait du pari quasi impossible \u00e0 tenir.<\/p>\n<figure id=\"attachment_1143\" aria-describedby=\"caption-attachment-1143\" style=\"width: 500px\" class=\"wp-caption aligncenter\"><a href=\"http:\/\/tamtamdesbaronnies.blog.lemonde.fr\/files\/2014\/08\/Open4.jpg\"><img loading=\"lazy\" decoding=\"async\" class=\"size-full wp-image-1143\" alt=\"Open in jazz dans les jardins de la mairie de Buis lors de la soir\u00e9e du Conseil g\u00e9n\u00e9ral (photo Pascal Derath\u00e9 - Jazz-rhone-alpes.com)\" src=\"http:\/\/tamtamdesbaronnies.blog.lemonde.fr\/files\/2014\/08\/Open4.jpg\" width=\"500\" height=\"345\" \/><\/a><figcaption id=\"caption-attachment-1143\" class=\"wp-caption-text\">Open in jazz dans les jardins de la mairie de Buis lors de la soir\u00e9e du Conseil g\u00e9n\u00e9ral (photo Pascal Derath\u00e9 &#8211; Jazz-rhone-alpes.com)<\/figcaption><\/figure>\n<p style=\"text-align:justify;\">Pari pourtant tenu ! Les concerts donn\u00e9s ont attest\u00e9 d\u2019une superbe qualit\u00e9 d\u2019ensemble, d\u2019une musicalit\u00e9 digne de vrais professionnels et d\u2019un enthousiasme qui a suscit\u00e9 \u00e0 chaque concert une standing ovation d\u2019un public de plus en plus nombreux. Au total pr\u00e8s de 3000 personnes ont assist\u00e9 aux concerts de Open in jazz dans les Baronnies.<\/p>\n<p style=\"text-align:center;\"><span style=\"font-size:x-large;\"><strong>Une r\u00e9alisation exemplaire<\/strong><\/span><\/p>\n<p style=\"text-align:justify;\">Cette r\u00e9alisation exemplaire \u00e0 bien des \u00e9gards qui concerne le traitement du handicap par la musique, a \u00e9t\u00e9 rendue possible gr\u00e2ce \u00e0 ARPEJEH (Accompagn\u00e9 la R\u00e9alisation des Projets d\u2019Etudes de Jeunes El\u00e9ves et Etudiants Handicap\u00e9s), association nationale qui \u0153uvre au quotidien pour l\u2019insertion des handicap\u00e9s et qui pour l\u2019occasion a mobilis\u00e9 les ressources n\u00e9cessaires en son sein et su convaincre deux entreprises membres de son conseil d\u2019administration de soutenir ce travail : Vivendi et SFR.<\/p>\n<figure id=\"attachment_1145\" aria-describedby=\"caption-attachment-1145\" style=\"width: 500px\" class=\"wp-caption aligncenter\"><a href=\"http:\/\/tamtamdesbaronnies.blog.lemonde.fr\/files\/2014\/08\/Open6.jpg\"><img loading=\"lazy\" decoding=\"async\" class=\"size-full wp-image-1145\" alt=\"Concert d'Open in Jazz \u00e0 St F\u00e9rr\u00e9ol-Trente-Pas au profit de la lutte contre la mucoviscidose. (Photo Pascal Derath\u00e9 \/ jass-Rh\u00f4ne-Alpes.com) \" src=\"http:\/\/tamtamdesbaronnies.blog.lemonde.fr\/files\/2014\/08\/Open6.jpg\" width=\"500\" height=\"333\" \/><\/a><figcaption id=\"caption-attachment-1145\" class=\"wp-caption-text\">Concert d&rsquo;Open in Jazz \u00e0 St F\u00e9rr\u00e9ol-Trente-Pas au profit de la lutte contre la mucoviscidose. (Photo Pascal Derath\u00e9 \/ jazz-Rh\u00f4ne-Alpes.com)<\/figcaption><\/figure>\n<p style=\"text-align:justify;\"><em>\u00ab C\u2019est dire que de tr\u00e8s grandes entreprises nationales et internationales sont en capacit\u00e9 de se mobiliser autour d\u2019un vrai projet de formation professionnelle dans le champ culturel\u00a0\u00bb,<\/em> souligne Boris Bertin d\u00e9l\u00e9gu\u00e9 g\u00e9n\u00e9ral de ARPEJEH qui poursuit:<em> \u00ab\u00a0Ce travail est une premi\u00e8re pierre r\u00e9ussie dans la longue et difficile voie qui est celle de la\u00a0 professionnalisation de jeunes handicap\u00e9s. Le chemin est long et exige une pers\u00e9v\u00e9rance de tous les instants car formation et pratique sont indissociables. ARPEJEH et ses entreprises partenaires \u00e9tudieront tout projet qui visera \u00e0 accro\u00eetre la professionnalisation de ces jeunes musiciens&#8230;\u00a0\u00bb<\/em><\/p>\n<figure id=\"attachment_1144\" aria-describedby=\"caption-attachment-1144\" style=\"width: 500px\" class=\"wp-caption aligncenter\"><a href=\"http:\/\/tamtamdesbaronnies.blog.lemonde.fr\/files\/2014\/08\/Open1.jpg\"><img loading=\"lazy\" decoding=\"async\" class=\"size-full wp-image-1144\" alt=\"Alain Brunet et Boris Bertin (photo Pascal Derath\u00e9 \/ jazz-rhone-alpes.com)\" src=\"http:\/\/tamtamdesbaronnies.blog.lemonde.fr\/files\/2014\/08\/Open1.jpg\" width=\"500\" height=\"327\" \/><\/a><figcaption id=\"caption-attachment-1144\" class=\"wp-caption-text\">Alain Brunet et Boris Bertin (photo Pascal Derath\u00e9 \/ jazz-rhone-alpes.com)<\/figcaption><\/figure>\n<p style=\"text-align:justify;\">Quant \u00e0 Alain Brunet pr\u00e9sident de Parfum de Jazz, il confirme que <em>\u00ab l\u2019association Parfum de jazz s\u2019engage d\u2019ores et d\u00e9j\u00e0 \u00e0 accueillir en Baronnies toute action de formation et de pratique d\u2019Open in Jazz dans le cadre du festival\u00a0\u00bb<\/em>.<br \/>\nOn peut s\u2019attendre \u00e0 ce que Buis les Baronnies dans les ann\u00e9es \u00e0 venir poursuive ce travail d&rsquo;accueil et de mise en relation de ces jeunes talents avec le public de Parfum de jazz\u2026<\/p>\n<p><strong>Alain Bosmans<\/strong> (avec l&rsquo;aimable contribution d&rsquo;Alain Brunet, Boris Bertin et Pascal Derath\u00e9).<\/p>\n<p>Parfum de Jazz : <a href=\"http:\/\/www.parfumdejazz.com\/\">http:\/\/www.parfumdejazz.com\/<\/a><br \/>\nJazz-Rhone-alpes.com : <a href=\"http:\/\/www.jazz-rhone-alpes.com\/\">http:\/\/www.jazz-rhone-alpes.com\/<\/a><\/p>\n","protected":false},"excerpt":{"rendered":"<p>Dans le cadre du festival\u00a0 \u00ab\u00a0Parfum de Jazz\u00a0\u00bb, Buis les Baronnies et plus largement le territoire des Baronnies ont, cet \u00e9t\u00e9, accueilli une grande formation de jazz, un Big Band de 15 jeunes aveugles et mal voyants intitul\u00e9 \u00ab\u00a0Open In Jazz\u00a0\u00bb. En r\u00e9sidence \u00e0 maison familiale de la Fontaine d\u2019Annibal durant la premi\u00e8re semaine du &hellip; <a href=\"https:\/\/tamtamdesbaronnies.com\/wordpress\/2014\/08\/20\/parfum-de-jazz-quand-le-talent-transcende-le-handicap\/\" class=\"more-link\">Continuer la lecture<span class=\"screen-reader-text\"> de &laquo;&nbsp;Parfum de jazz : Quand le talent transcende le handicap&nbsp;&raquo;<\/span><\/a><\/p>\n","protected":false},"author":2,"featured_media":0,"comment_status":"open","ping_status":"closed","sticky":false,"template":"","format":"standard","meta":{"spay_email":"","footnotes":""},"categories":[6,4,15],"tags":[],"class_list":["post-1139","post","type-post","status-publish","format-standard","hentry","category-actualite-des-baronnies","category-musique","category-parfum-de-jazz"],"jetpack_featured_media_url":"","_links":{"self":[{"href":"https:\/\/tamtamdesbaronnies.com\/wordpress\/wp-json\/wp\/v2\/posts\/1139","targetHints":{"allow":["GET"]}}],"collection":[{"href":"https:\/\/tamtamdesbaronnies.com\/wordpress\/wp-json\/wp\/v2\/posts"}],"about":[{"href":"https:\/\/tamtamdesbaronnies.com\/wordpress\/wp-json\/wp\/v2\/types\/post"}],"author":[{"embeddable":true,"href":"https:\/\/tamtamdesbaronnies.com\/wordpress\/wp-json\/wp\/v2\/users\/2"}],"replies":[{"embeddable":true,"href":"https:\/\/tamtamdesbaronnies.com\/wordpress\/wp-json\/wp\/v2\/comments?post=1139"}],"version-history":[{"count":0,"href":"https:\/\/tamtamdesbaronnies.com\/wordpress\/wp-json\/wp\/v2\/posts\/1139\/revisions"}],"wp:attachment":[{"href":"https:\/\/tamtamdesbaronnies.com\/wordpress\/wp-json\/wp\/v2\/media?parent=1139"}],"wp:term":[{"taxonomy":"category","embeddable":true,"href":"https:\/\/tamtamdesbaronnies.com\/wordpress\/wp-json\/wp\/v2\/categories?post=1139"},{"taxonomy":"post_tag","embeddable":true,"href":"https:\/\/tamtamdesbaronnies.com\/wordpress\/wp-json\/wp\/v2\/tags?post=1139"}],"curies":[{"name":"wp","href":"https:\/\/api.w.org\/{rel}","templated":true}]}}