{"id":1115,"date":"2013-10-16T10:47:30","date_gmt":"2013-10-16T09:47:30","guid":{"rendered":"http:\/\/tamtamdesbaronnies.blog.lemonde.fr\/?p=1009"},"modified":"2013-10-16T10:47:30","modified_gmt":"2013-10-16T09:47:30","slug":"la-via-ferrata-du-st-julien-vedette-dun-festival-du-vertige-et-de-lextreme","status":"publish","type":"post","link":"https:\/\/tamtamdesbaronnies.com\/wordpress\/2013\/10\/16\/la-via-ferrata-du-st-julien-vedette-dun-festival-du-vertige-et-de-lextreme\/","title":{"rendered":"LA VIA FERRATA DU ST JULIEN VEDETTE D\u2019UN FESTIVAL DU VERTIGE ET DE L\u2019EXTREME"},"content":{"rendered":"<p><a href=\"http:\/\/tamtamdesbaronnies.blog.lemonde.fr\/files\/2013\/10\/via04.jpg\"><img loading=\"lazy\" decoding=\"async\" class=\"aligncenter size-full wp-image-1010\" title=\"via04\" src=\"http:\/\/tamtamdesbaronnies.blog.lemonde.fr\/files\/2013\/10\/via04.jpg\" alt=\"\" width=\"500\" height=\"304\" \/><\/a><\/p>\n<p style=\"text-align:justify;\"><strong>En d\u00e9pit d\u2019une exceptionnelle concentration de stars de l\u2019alpinisme et des sports extr\u00eames, la v\u00e9ritable vedette de la premi\u00e8re \u00e9dition du festival \u00ab\u00a0Cin\u00e9 Buis\u2019Sport Nature\u00a0\u00bb fut la Via Ferrata du St Julien, l\u2019une des plus spectaculaires d\u2019Europe, bient\u00f4t accessible au public.<\/strong><\/p>\n<p align=\"center\"><span style=\"font-size:x-large;\"><strong>Buis au rendez-vous des stars de la grimpe<\/strong><\/span><\/p>\n<p style=\"text-align:justify;\">Le festival \u00ab\u00a0Cin\u00e9 Buis\u2019Sport Nature\u00a0\u00bb, qui s\u2019est d\u00e9roul\u00e9 au Buis du vendredi 11 au dimanche 13 octobre aura altern\u00e9 pendant 3 jours la pr\u00e9sentation des principales activit\u00e9s sportives de pleine nature offertes dans les Baronnies et la projection de films et reportages relatifs \u00e0 des sports de l\u2019extr\u00eame.<\/p>\n<figure id=\"attachment_1011\" aria-describedby=\"caption-attachment-1011\" style=\"width: 500px\" class=\"wp-caption aligncenter\"><a href=\"http:\/\/tamtamdesbaronnies.com\/wordpress\/wp-content\/uploads\/2013\/10\/712de-via01.jpg\"><img loading=\"lazy\" decoding=\"async\" class=\"size-full wp-image-1011\" title=\"via01\" src=\"http:\/\/tamtamdesbaronnies.com\/wordpress\/wp-content\/uploads\/2013\/10\/712de-via01.jpg\" alt=\"\" width=\"500\" height=\"404\" \/><\/a><figcaption id=\"caption-attachment-1011\" class=\"wp-caption-text\">Catherine Destivelle, consid\u00e9r\u00e9e comme l\u2019une des plus brillante alpinistes\/grimpeuses au monde anima la soir\u00e9e autour de son film \u00ab Au-del\u00e0 des cimes \u00bb.<\/figcaption><\/figure>\n<p style=\"text-align:justify;\">Pendant 3 jours, chacun put y c\u00f4toyer plusieurs des plus grands noms de l\u2019alpinisme fran\u00e7ais, des aventuriers de l\u2019extr\u00eame ou des cin\u00e9astes sportifs sp\u00e9cialistes de l\u2019escalade. La tr\u00e8s populaire alpinistes\/grimpeuses Catherine Destivelle, l\u2019alpiniste et aventuri\u00e8re fran\u00e7aise Laurence de la Ferri\u00e8re, le champion du monde d\u2019escalade Arnaud Petit ou encore le r\u00e9alisateur Bertrand Delapierre, s\u2019y \u00e9taient donn\u00e9 rendez vous pour animer la manifestation.<\/p>\n<figure id=\"attachment_1012\" aria-describedby=\"caption-attachment-1012\" style=\"width: 500px\" class=\"wp-caption aligncenter\"><a href=\"http:\/\/tamtamdesbaronnies.com\/wordpress\/wp-content\/uploads\/2013\/10\/daf4b-via02.jpg\"><img loading=\"lazy\" decoding=\"async\" class=\"size-full wp-image-1012\" title=\"via02\" src=\"http:\/\/tamtamdesbaronnies.com\/wordpress\/wp-content\/uploads\/2013\/10\/daf4b-via02.jpg\" alt=\"\" width=\"500\" height=\"402\" \/><\/a><figcaption id=\"caption-attachment-1012\" class=\"wp-caption-text\">Laurence de la Ferri\u00e8re dans la salle des f\u00eates de La Palun a longuement parl\u00e9 de l\u2019extraordinaire exploit qu&rsquo;elle r\u00e9alisa en 1999 en traversant seul le continent Antarctique.<\/figcaption><\/figure>\n<p style=\"text-align:justify;\">Mais en d\u00e9pit de cette exceptionnelle concentration de stars, la v\u00e9ritable vedette du festival fut sans nul doute la nouvelle Via Ferrata du St Julien (en cours d\u2019ach\u00e8vement), qui court le long de la face septentrionale de la c\u00e9l\u00e8bre lame rocheuse dominant le village.<\/p>\n<figure id=\"attachment_1013\" aria-describedby=\"caption-attachment-1013\" style=\"width: 500px\" class=\"wp-caption aligncenter\"><a href=\"http:\/\/tamtamdesbaronnies.blog.lemonde.fr\/files\/2013\/10\/via03.jpg\"><img loading=\"lazy\" decoding=\"async\" class=\"size-full wp-image-1013\" title=\"via03\" src=\"http:\/\/tamtamdesbaronnies.blog.lemonde.fr\/files\/2013\/10\/via03.jpg\" alt=\"\" width=\"500\" height=\"340\" \/><\/a><figcaption id=\"caption-attachment-1013\" class=\"wp-caption-text\">Le grimpeur fran\u00e7ais Arnaud Petit (\u00e0 droite) et le r\u00e9alisateur Bertrand Delapierre ont pr\u00e9sent\u00e9 \u00e0 La Palun plusieurs spectaculaires courts-m\u00e9trages d\u2019escalade.<\/figcaption><\/figure>\n<p style=\"text-align:justify;\">Pendant deux jours, quelques chanceux (pr\u00e8s de 200 quand m\u00eame) purent, en avant premi\u00e8re, d\u00e9couvrir celle qui deviendra bient\u00f4t l\u2019une des plus spectaculaires Via Ferrata d\u2019Europe.<\/p>\n<p style=\"text-align:center;\"><span style=\"font-size:x-large;\"><strong>Portrait d\u2019une dame de fer<\/strong><\/span><\/p>\n<figure id=\"attachment_1014\" aria-describedby=\"caption-attachment-1014\" style=\"width: 500px\" class=\"wp-caption aligncenter\"><a href=\"http:\/\/tamtamdesbaronnies.com\/wordpress\/wp-content\/uploads\/2013\/10\/1b587-via09.jpg\"><img loading=\"lazy\" decoding=\"async\" class=\"size-full wp-image-1014\" title=\"via09\" src=\"http:\/\/tamtamdesbaronnies.com\/wordpress\/wp-content\/uploads\/2013\/10\/1b587-via09.jpg\" alt=\"\" width=\"500\" height=\"375\" \/><\/a><figcaption id=\"caption-attachment-1014\" class=\"wp-caption-text\">Accompagn\u00e9es des quatre guides des Baronnies, pr\u00e9s de 200 personnes enthousiastes ont parcouru la premi\u00e8re section (qui en comptera cinq) de la via ferrata du St Julien.<\/figcaption><\/figure>\n<p style=\"text-align:justify;\">Aboutissement d\u2019un projet men\u00e9 pendant pr\u00e8s de 10 ans avec obstination par la commune qui dut faire face \u00e0 d\u2019innombrables difficult\u00e9s (on se souvient des soucis caus\u00e9s par un certain \u00ab\u00a0petit choux\u00a0\u00bb), la via Ferrata du St Julien sera bient\u00f4t ouverte au public dans toute sa longueur, dans toute sa splendeur. Les travaux d\u2019installation du dernier tron\u00e7on sont en cours de finition, on parle d\u2019une inauguration en fin d\u2019ann\u00e9e et d\u2019une ouverture au public d\u00e9but 2014. En attendant, ceux qui, exceptionnellement, ont put en parcourir le premier tron\u00e7on durant ce week-end ne tarissent pas d\u2019\u00e9loges.<\/p>\n<figure id=\"attachment_1015\" aria-describedby=\"caption-attachment-1015\" style=\"width: 350px\" class=\"wp-caption aligncenter\"><a href=\"http:\/\/tamtamdesbaronnies.com\/wordpress\/wp-content\/uploads\/2013\/10\/f0109-via05.jpg\"><img loading=\"lazy\" decoding=\"async\" class=\"size-full wp-image-1015\" title=\"via05\" src=\"http:\/\/tamtamdesbaronnies.com\/wordpress\/wp-content\/uploads\/2013\/10\/f0109-via05.jpg\" alt=\"\" width=\"350\" height=\"427\" \/><\/a><figcaption id=\"caption-attachment-1015\" class=\"wp-caption-text\">Le trac\u00e9 d\u00e9fit l\u2019abime et surplombe de somptueux panoramas.<\/figcaption><\/figure>\n<p style=\"text-align:justify;\">La nouvelle \u00ab\u00a0voie de fer\u00a0\u00bb comportera cinq tron\u00e7ons de difficult\u00e9s diff\u00e9rentes pouvant \u00eatre parcouru ind\u00e9pendamment. Au total, 1700 m d\u2019un parcours qui couvre l\u2019ensemble des ar\u00eates de la face nord du rocher, 700 m de d\u00e9nivel\u00e9, jusqu\u2019\u00e0 100 m de hauteur, plusieurs ponts dont l\u2019un de 38 m de longueur et un point culminant \u00e0 763 m.<\/p>\n<figure id=\"attachment_1016\" aria-describedby=\"caption-attachment-1016\" style=\"width: 500px\" class=\"wp-caption aligncenter\"><a href=\"http:\/\/tamtamdesbaronnies.com\/wordpress\/wp-content\/uploads\/2013\/10\/8ca05-via07.jpg\"><img loading=\"lazy\" decoding=\"async\" class=\"size-full wp-image-1016\" title=\"via07\" src=\"http:\/\/tamtamdesbaronnies.com\/wordpress\/wp-content\/uploads\/2013\/10\/8ca05-via07.jpg\" alt=\"\" width=\"500\" height=\"375\" \/><\/a><figcaption id=\"caption-attachment-1016\" class=\"wp-caption-text\">Sur les parois du St Julien, les amateurs de grimpe se sont r\u00e9gal\u00e9s.<\/figcaption><\/figure>\n<p style=\"text-align:justify;\">Le trac\u00e9 qui d\u00e9fit l\u2019abime et surplombe en permanence de somptueux panoramas n\u00e9cessitera 6 \u00e0 7 heures pour les plus exp\u00e9riment\u00e9s et rares seront ceux qui pourront le parcourir dans une seule journ\u00e9e. Selon les sp\u00e9cialistes, ce sera l\u2019une des plus longues et spectaculaires Via Ferrata d\u2019Europe. De quoi booster l\u2019enthousiasme du maire Jean-Pierre Buix qui parle d\u00e9j\u00e0 de pouvoir attirer 15\u00a0000 visiteurs la premi\u00e8re ann\u00e9e de fonctionnement.<\/p>\n<p><a href=\"http:\/\/tamtamdesbaronnies.com\/wordpress\/wp-content\/uploads\/2013\/10\/abaf1-via06.jpg\"><img loading=\"lazy\" decoding=\"async\" class=\"aligncenter size-full wp-image-1017\" title=\"via06\" src=\"http:\/\/tamtamdesbaronnies.com\/wordpress\/wp-content\/uploads\/2013\/10\/abaf1-via06.jpg\" alt=\"\" width=\"350\" height=\"457\" \/><\/a><\/p>\n<p>Bien qu\u2019ayant cout\u00e9 600\u00a0000 \u20ac \u00e0 la collectivit\u00e9 (subventionn\u00e9 \u00e0 50 % par la r\u00e9gion et le d\u00e9partement), elle sera en acc\u00e8s libre. Un acc\u00e8s qui sera donc gratuit mais \u00e9videmment soumis \u00e0 r\u00e9glementation.<\/p>\n<figure id=\"attachment_1018\" aria-describedby=\"caption-attachment-1018\" style=\"width: 500px\" class=\"wp-caption aligncenter\"><a href=\"http:\/\/tamtamdesbaronnies.com\/wordpress\/wp-content\/uploads\/2013\/10\/791a0-via010.jpg\"><img loading=\"lazy\" decoding=\"async\" class=\"size-full wp-image-1018\" title=\"via010\" src=\"http:\/\/tamtamdesbaronnies.com\/wordpress\/wp-content\/uploads\/2013\/10\/791a0-via010.jpg\" alt=\"\" width=\"500\" height=\"397\" \/><\/a><figcaption id=\"caption-attachment-1018\" class=\"wp-caption-text\">Le guide des Baronnies Jo\u00ebl Mailhet (\u00e0 gauche) au d\u00e9part du premier groupe venu d\u00e9couvrir la nouvelle via Ferrata du St Julien.<\/figcaption><\/figure>\n<p style=\"text-align:justify;\">De nombreux panneaux d\u2019information seront mis en place d\u00e9taillant les conditions d\u2019acc\u00e8s (\u00e2ge, \u00e9quipement), ainsi que les possibilit\u00e9s de location de mat\u00e9riel et d\u2019accompagnement. Les quatre guides des Baronnies (Jo\u00ebl Mailh\u00e9, Eric Leininger, Franck Mosacatello et Fabrice Biraghi), qui ont d\u00e9j\u00e0 ouvert au 59 de l\u2019all\u00e9e des platanes un magasin \u00ab\u00a0Baronnies Sports\u00a0\u00bb, proposeront \u00e0 la location les \u00e9quipements (casques, baudriers, mousquetons, longes absorbantes) n\u00e9cessaires au parcours des diff\u00e9rents tron\u00e7ons ainsi que des prestations pour accompagner les groupes et individus. Il faudra compter entre 15 et 20 \u20ac pour la location de l\u2019\u00e9quipement (\u00e0 ceux qui n&rsquo;auraient pas le leur) et de 25 \u00e0 50 \u20ac pour l\u2019accompagnement d&rsquo;un guide selon la dur\u00e9e de la prestation.<\/p>\n<p>\u00a0<strong>Alain Bosmans <\/strong>(avec les photos d&rsquo;Arthur Bosmans)<\/p>\n","protected":false},"excerpt":{"rendered":"<p>En d\u00e9pit d\u2019une exceptionnelle concentration de stars de l\u2019alpinisme et des sports extr\u00eames, la v\u00e9ritable vedette de la premi\u00e8re \u00e9dition du festival \u00ab\u00a0Cin\u00e9 Buis\u2019Sport Nature\u00a0\u00bb fut la Via Ferrata du St Julien, l\u2019une des plus spectaculaires d\u2019Europe, bient\u00f4t accessible au public. Buis au rendez-vous des stars de la grimpe Le festival \u00ab\u00a0Cin\u00e9 Buis\u2019Sport Nature\u00a0\u00bb, qui &hellip; <a href=\"https:\/\/tamtamdesbaronnies.com\/wordpress\/2013\/10\/16\/la-via-ferrata-du-st-julien-vedette-dun-festival-du-vertige-et-de-lextreme\/\" class=\"more-link\">Continuer la lecture<span class=\"screen-reader-text\"> de &laquo;&nbsp;LA VIA FERRATA DU ST JULIEN VEDETTE D\u2019UN FESTIVAL DU VERTIGE ET DE L\u2019EXTREME&nbsp;&raquo;<\/span><\/a><\/p>\n","protected":false},"author":2,"featured_media":0,"comment_status":"open","ping_status":"closed","sticky":false,"template":"","format":"standard","meta":{"spay_email":"","footnotes":""},"categories":[6,1,10,21],"tags":[],"class_list":["post-1115","post","type-post","status-publish","format-standard","hentry","category-actualite-des-baronnies","category-non-classe","category-sports","category-tourisme"],"jetpack_featured_media_url":"","_links":{"self":[{"href":"https:\/\/tamtamdesbaronnies.com\/wordpress\/wp-json\/wp\/v2\/posts\/1115","targetHints":{"allow":["GET"]}}],"collection":[{"href":"https:\/\/tamtamdesbaronnies.com\/wordpress\/wp-json\/wp\/v2\/posts"}],"about":[{"href":"https:\/\/tamtamdesbaronnies.com\/wordpress\/wp-json\/wp\/v2\/types\/post"}],"author":[{"embeddable":true,"href":"https:\/\/tamtamdesbaronnies.com\/wordpress\/wp-json\/wp\/v2\/users\/2"}],"replies":[{"embeddable":true,"href":"https:\/\/tamtamdesbaronnies.com\/wordpress\/wp-json\/wp\/v2\/comments?post=1115"}],"version-history":[{"count":0,"href":"https:\/\/tamtamdesbaronnies.com\/wordpress\/wp-json\/wp\/v2\/posts\/1115\/revisions"}],"wp:attachment":[{"href":"https:\/\/tamtamdesbaronnies.com\/wordpress\/wp-json\/wp\/v2\/media?parent=1115"}],"wp:term":[{"taxonomy":"category","embeddable":true,"href":"https:\/\/tamtamdesbaronnies.com\/wordpress\/wp-json\/wp\/v2\/categories?post=1115"},{"taxonomy":"post_tag","embeddable":true,"href":"https:\/\/tamtamdesbaronnies.com\/wordpress\/wp-json\/wp\/v2\/tags?post=1115"}],"curies":[{"name":"wp","href":"https:\/\/api.w.org\/{rel}","templated":true}]}}